{"id":12218,"date":"2019-11-13T18:19:53","date_gmt":"2019-11-13T21:19:53","guid":{"rendered":"https:\/\/blogs.correiobraziliense.com.br\/vicente\/?p=12218"},"modified":"2019-11-14T18:22:40","modified_gmt":"2019-11-14T21:22:40","slug":"bb-esta-sendo-preparado-para-ser-vendido-a-estrangeiros","status":"publish","type":"post","link":"https:\/\/blogs.correiobraziliense.com.br\/vicente\/bb-esta-sendo-preparado-para-ser-vendido-a-estrangeiros\/","title":{"rendered":"BB est\u00e1 sendo preparado para ser vendido a estrangeiros"},"content":{"rendered":"<h2>Aos poucos, sem alarde, o Banco do Brasil est\u00e1 sendo preparado para a privatiza\u00e7\u00e3o. Mas, no que depender do governo, o BB cair\u00e1 no colo de uma institui\u00e7\u00e3o estrangeira.<\/h2>\n<p>&nbsp;<\/p>\n<p>N\u00e3o \u00e9 segredo para ningu\u00e9m que, mesmo com as negativas do presidente Jair Bolsonaro \u2014 ele sempre diz que o BB \u00e9 intoc\u00e1vel \u2014, os planos de privatiza\u00e7\u00e3o do BB seguem a passos largos.<\/p>\n<p>&nbsp;<\/p>\n<p>A estrutura da maior institui\u00e7\u00e3o financeira p\u00fablica vem sendo enxugada para, quando chegar a hora, a venda ocorra mesmo sob protestos.<\/p>\n<p>&nbsp;<\/p>\n<p>O presidente do Banco do Brasil, Rubem Novaes, \u00e9 o personagem perfeito para levar o plano de privatiza\u00e7\u00e3o adiante. Discreto, n\u00e3o faz nenhuma propaganda do que est\u00e1 fazendo.<\/p>\n<p>&nbsp;<\/p>\n<p>Novaes vendeu a participa\u00e7\u00e3o que o Banco do Brasil tinha na resseguradora IRB Brasil e na Neoenergia. Anunciou acordo para privatizar o BB Banco de Investimentos. Avisou que vender\u00e1 a BB DTVM e o BB Am\u00e9ricas.<\/p>\n<p>&nbsp;<\/p>\n<p>Mais: fechou a BB Tur.\u00a0 No caso da Cassi, operadora do plano de sa\u00fade dos empregados do Banco Brasil, negocia um repasse bilion\u00e1rio \u00e0 operadora. Sem esses recursos, a Cassi pode entrar em colapso.<\/p>\n<p><strong>Bradesco<\/strong><\/p>\n<p>&nbsp;<\/p>\n<p>De in\u00edcio, quem acompanha o dia a dia das a\u00e7\u00f5es do presidente do BB acreditava que o futuro do banco seria a absor\u00e7\u00e3o de suas atividades pelo Bradesco. As duas institui\u00e7\u00f5es sempre tiveram afinidades. S\u00e3o s\u00f3cias em v\u00e1rias empresas, como a Cielo, das maquininhas de cart\u00f5es, e a Elo, bandeira de cart\u00f5es.<\/p>\n<p>&nbsp;<\/p>\n<p>Agora, por\u00e9m, est\u00e1 claro para todos no BB que, quando a privatiza\u00e7\u00e3o do banco chegar, a prefer\u00eancia ser\u00e1 por um comprador estrangeiro. A alega\u00e7\u00e3o \u00e9 a necessidade de aumentar a concorr\u00eancia banc\u00e1ria no pa\u00eds.<\/p>\n<p>&nbsp;<\/p>\n<p>O governo n\u00e3o admite, em hip\u00f3tese alguma, que nenhum dos banc\u00f5es brasileiros fique com o BB. A cren\u00e7a \u00e9 de que a concentra\u00e7\u00e3o atual do mercado pune consumidores e empresas.<\/p>\n<p>&nbsp;<\/p>\n<p>De qualquer forma, nada no Banco do Brasil ser\u00e1 feito de forma atabalhoada, para n\u00e3o melindrar o presidente da Rep\u00fablica.<\/p>\n<p>&nbsp;<\/p>\n<p>A determina\u00e7\u00e3o de Novaes \u00e9 fazer o dever de casa para que, no momento certo, o BB esteja pronto para ter seu controle transferido \u00e0 iniciativa privada.<\/p>\n<p>&nbsp;<\/p>\n<p><strong>Outro lado<\/strong><\/p>\n<p>&nbsp;<\/p>\n<p>Em nota enviada ao <strong>Blog<\/strong>, o presidente do Banco do Brasil diz que &#8220;n\u00e3o houve, n\u00e3o h\u00e1 e n\u00e3o haver\u00e1 qualquer tratativa sobre negocia\u00e7\u00e3o do controle do BB com banco estrangeiro ou outro qualquer banco&#8221;. Para ele, o assunto \u00e9 &#8220;boato irrespons\u00e1vel, sem qualquer fundamento&#8221;.<\/p>\n<p>&nbsp;<\/p>\n<p><em>Bras\u00edlia, 18h19min<\/em><\/p>\n","protected":false},"excerpt":{"rendered":"<p>Aos poucos, sem alarde, o Banco do Brasil est\u00e1 sendo preparado para a privatiza\u00e7\u00e3o. Mas, no que depender do governo, o BB cair\u00e1 no colo de uma institui\u00e7\u00e3o estrangeira. &nbsp; N\u00e3o \u00e9 segredo para ningu\u00e9m que, mesmo com as negativas do presidente Jair Bolsonaro \u2014 ele sempre diz que o BB \u00e9 intoc\u00e1vel \u2014, os [&hellip;]<\/p>\n","protected":false},"author":22,"featured_media":11442,"comment_status":"open","ping_status":"closed","sticky":false,"template":"","format":"standard","meta":{"footnotes":""},"categories":[600],"tags":[2592,2554,491,378,3593,540],"class_list":["post-12218","post","type-post","status-publish","format-standard","has-post-thumbnail","hentry","category-economia","tag-banco","tag-bolsonaro","tag-bradesco","tag-brasil","tag-estrangeiros","tag-privatizacao"],"_links":{"self":[{"href":"https:\/\/blogs.correiobraziliense.com.br\/vicente\/wp-json\/wp\/v2\/posts\/12218","targetHints":{"allow":["GET"]}}],"collection":[{"href":"https:\/\/blogs.correiobraziliense.com.br\/vicente\/wp-json\/wp\/v2\/posts"}],"about":[{"href":"https:\/\/blogs.correiobraziliense.com.br\/vicente\/wp-json\/wp\/v2\/types\/post"}],"author":[{"embeddable":true,"href":"https:\/\/blogs.correiobraziliense.com.br\/vicente\/wp-json\/wp\/v2\/users\/22"}],"replies":[{"embeddable":true,"href":"https:\/\/blogs.correiobraziliense.com.br\/vicente\/wp-json\/wp\/v2\/comments?post=12218"}],"version-history":[{"count":5,"href":"https:\/\/blogs.correiobraziliense.com.br\/vicente\/wp-json\/wp\/v2\/posts\/12218\/revisions"}],"predecessor-version":[{"id":12248,"href":"https:\/\/blogs.correiobraziliense.com.br\/vicente\/wp-json\/wp\/v2\/posts\/12218\/revisions\/12248"}],"wp:featuredmedia":[{"embeddable":true,"href":"https:\/\/blogs.correiobraziliense.com.br\/vicente\/wp-json\/wp\/v2\/media\/11442"}],"wp:attachment":[{"href":"https:\/\/blogs.correiobraziliense.com.br\/vicente\/wp-json\/wp\/v2\/media?parent=12218"}],"wp:term":[{"taxonomy":"category","embeddable":true,"href":"https:\/\/blogs.correiobraziliense.com.br\/vicente\/wp-json\/wp\/v2\/categories?post=12218"},{"taxonomy":"post_tag","embeddable":true,"href":"https:\/\/blogs.correiobraziliense.com.br\/vicente\/wp-json\/wp\/v2\/tags?post=12218"}],"curies":[{"name":"wp","href":"https:\/\/api.w.org\/{rel}","templated":true}]}}