{"id":12215,"date":"2019-11-13T16:48:11","date_gmt":"2019-11-13T19:48:11","guid":{"rendered":"https:\/\/blogs.correiobraziliense.com.br\/vicente\/?p=12215"},"modified":"2019-11-13T20:43:28","modified_gmt":"2019-11-13T23:43:28","slug":"estrategia-de-migracao-de-deputados-do-psl-para-o-alianca-esbarra-em-legislacao-eleitoral","status":"publish","type":"post","link":"https:\/\/blogs.correiobraziliense.com.br\/vicente\/estrategia-de-migracao-de-deputados-do-psl-para-o-alianca-esbarra-em-legislacao-eleitoral\/","title":{"rendered":"Estrat\u00e9gia de migra\u00e7\u00e3o de deputados do PSL para o Alian\u00e7a esbarra em legisla\u00e7\u00e3o eleitoral"},"content":{"rendered":"<h2><span style=\"font-weight: 400\">RODOLFO COSTA<\/span><\/h2>\n<h2><\/h2>\n<h2><span style=\"font-weight: 400\">A funda\u00e7\u00e3o do Alian\u00e7a pelo Brasil aponta riscos ao futuro partido na C\u00e2mara. Isso porque a estrat\u00e9gia do advogado eleitoral da legenda, Admar Gonzaga, ex-ministro do TSE, se baseia no entendimento de que a cria\u00e7\u00e3o de um novo partido abre uma janela partid\u00e1ria para que congressistas eleitos em sistema proporcional, no caso de deputados, possam migrar de um partido para qualquer outro. A tese, no entanto, \u00e9 contest\u00e1vel. Para um especialista ouvido pelo <strong>Blog<\/strong>, esbarra na legisla\u00e7\u00e3o eleitoral.\u00a0<\/span><\/h2>\n<p>&nbsp;<\/p>\n<p><span style=\"font-weight: 400\">Diferentemente de senadores, prefeitos, governadores e do presidente da Rep\u00fablica, deputados n\u00e3o s\u00e3o \u201cdonos\u201d de seus mandatos. Aliados de Bolsonaro calculam que, da bancada pesselista na C\u00e2mara, composta por 53 deputados, cerca de 30 devem ir para a futura legenda. Contudo, para que eles possam migrar para outra legenda sem uma puni\u00e7\u00e3o do PSL, dependeriam de fatores espec\u00edficos estabelecidos pelo artigo 22-A da Lei n\u00ba 9.096\/1995, introduzido pela Lei n\u00ba 13.165\/2015.\u00a0<\/span><\/p>\n<p>&nbsp;<\/p>\n<p><span style=\"font-weight: 400\">A legisla\u00e7\u00e3o prev\u00ea a perda de mandato para casos de desfilia\u00e7\u00e3o sem justa causa, mas estabelece conceitos de justa causa em casos de: mudan\u00e7a substancial ou desvio reiterado do programa partid\u00e1rio; grave discrimina\u00e7\u00e3o pol\u00edtica pessoal; e mudan\u00e7a de partido efetuada durante o per\u00edodo de trinta dias que antecede o prazo de filia\u00e7\u00e3o exigido em lei para concorrer \u00e0 elei\u00e7\u00e3o, majorit\u00e1ria ou proporcional, ao t\u00e9rmino do mandato vigente, ou seja, a chamada \u201cjanela partid\u00e1ria\u201d.<\/span><\/p>\n<p>&nbsp;<\/p>\n<p><span style=\"font-weight: 400\">Promotor de Justi\u00e7a no Minist\u00e9rio P\u00fablico do Amazonas (MP-AM) e promotor eleitoral da Zona Eleitoral de Coari (AM), Wesley Machado, professor de direito eleitoral do Instituto Brasiliense de Direito P\u00fablico (IDP), diz ao <\/span><b>Blog<\/b><span style=\"font-weight: 400\"> que, desde 2015, a cria\u00e7\u00e3o de um novo partido n\u00e3o \u00e9 justificativa para migra\u00e7\u00e3o partid\u00e1ria. Frisa, ainda, que a janela partid\u00e1ria que se abrir\u00e1 em 2020 possibilitar\u00e1 a deputados do PSL a transfer\u00eancia para o Alian\u00e7a apenas \u00e0queles que forem concorrer a um cargo nas elei\u00e7\u00f5es municipais.\u00a0<\/span><\/p>\n<p>&nbsp;<\/p>\n<p><b>Estrat\u00e9gia<\/b><\/p>\n<p><span style=\"font-weight: 400\">A estrat\u00e9gia que alguns deputados cogitam adotar \u00e9 a alega\u00e7\u00e3o de falta de transpar\u00eancia e persegui\u00e7\u00e3o partid\u00e1ria do PSL. Outra hip\u00f3tese, sugerida por Machado, \u00e9 uma eventual discrimina\u00e7\u00e3o pol\u00edtica. \u201cOu se h\u00e1 algum desvio reiterado do programa partid\u00e1rio, se tinha um prop\u00f3sito que est\u00e1 sendo reiteradamente desviado. Neste caso, deve ser feito uma a\u00e7\u00e3o declarat\u00f3ria ao TSE (Tribunal Superior Eleitoral (TSE) para migrarem sem perder o mandato\u201d, explicou.\u00a0<\/span><\/p>\n<p>&nbsp;<\/p>\n<p><span style=\"font-weight: 400\">O presidente do PSL, Luciano Bivar (PE), promete aos aliados que acionar\u00e1 todos os recursos para contestar, na Justi\u00e7a eleitoral, poss\u00edveis narrativas apresentadas pela ala dissidente de grave <\/span><span style=\"font-weight: 400\">discrimina\u00e7\u00e3o pol\u00edtica pessoal, desvio reiterado da orienta\u00e7\u00e3o program\u00e1tica, persegui\u00e7\u00e3o ou falta de transpar\u00eancia partid\u00e1ria. \u201cIsso n\u00e3o existe. O que est\u00e3o tentando fazer \u00e9 pressionar o Bivar para constrang\u00ea-lo. O partido em momento algum perseguiu, faltou com a verdade ou mudou a bandeira do liberalismo\u201d, sustentou um interlocutor ao <\/span><b>Blog<\/b><span style=\"font-weight: 400\">.\u00a0\u00a0<\/span><span style=\"font-weight: 400\">\u00a0<\/span><\/p>\n","protected":false},"excerpt":{"rendered":"<p>RODOLFO COSTA A funda\u00e7\u00e3o do Alian\u00e7a pelo Brasil aponta riscos ao futuro partido na C\u00e2mara. Isso porque a estrat\u00e9gia do advogado eleitoral da legenda, Admar Gonzaga, ex-ministro do TSE, se baseia no entendimento de que a cria\u00e7\u00e3o de um novo partido abre uma janela partid\u00e1ria para que congressistas eleitos em sistema proporcional, no caso de [&hellip;]<\/p>\n","protected":false},"author":22,"featured_media":12216,"comment_status":"open","ping_status":"closed","sticky":false,"template":"","format":"standard","meta":{"footnotes":""},"categories":[600],"tags":[4236,3546,378,4235,4237,4234,2651,3596,1217,2270],"class_list":["post-12215","post","type-post","status-publish","format-standard","has-post-thumbnail","hentry","category-economia","tag-admar","tag-alianca","tag-brasil","tag-eleitoral","tag-gonzaga","tag-legislacao","tag-machado","tag-psl","tag-tse","tag-wesley"],"_links":{"self":[{"href":"https:\/\/blogs.correiobraziliense.com.br\/vicente\/wp-json\/wp\/v2\/posts\/12215","targetHints":{"allow":["GET"]}}],"collection":[{"href":"https:\/\/blogs.correiobraziliense.com.br\/vicente\/wp-json\/wp\/v2\/posts"}],"about":[{"href":"https:\/\/blogs.correiobraziliense.com.br\/vicente\/wp-json\/wp\/v2\/types\/post"}],"author":[{"embeddable":true,"href":"https:\/\/blogs.correiobraziliense.com.br\/vicente\/wp-json\/wp\/v2\/users\/22"}],"replies":[{"embeddable":true,"href":"https:\/\/blogs.correiobraziliense.com.br\/vicente\/wp-json\/wp\/v2\/comments?post=12215"}],"version-history":[{"count":3,"href":"https:\/\/blogs.correiobraziliense.com.br\/vicente\/wp-json\/wp\/v2\/posts\/12215\/revisions"}],"predecessor-version":[{"id":12228,"href":"https:\/\/blogs.correiobraziliense.com.br\/vicente\/wp-json\/wp\/v2\/posts\/12215\/revisions\/12228"}],"wp:featuredmedia":[{"embeddable":true,"href":"https:\/\/blogs.correiobraziliense.com.br\/vicente\/wp-json\/wp\/v2\/media\/12216"}],"wp:attachment":[{"href":"https:\/\/blogs.correiobraziliense.com.br\/vicente\/wp-json\/wp\/v2\/media?parent=12215"}],"wp:term":[{"taxonomy":"category","embeddable":true,"href":"https:\/\/blogs.correiobraziliense.com.br\/vicente\/wp-json\/wp\/v2\/categories?post=12215"},{"taxonomy":"post_tag","embeddable":true,"href":"https:\/\/blogs.correiobraziliense.com.br\/vicente\/wp-json\/wp\/v2\/tags?post=12215"}],"curies":[{"name":"wp","href":"https:\/\/api.w.org\/{rel}","templated":true}]}}