{"id":1221,"date":"2016-06-03T10:30:54","date_gmt":"2016-06-03T13:30:54","guid":{"rendered":"https:\/\/blogs.correiobraziliense.com.br\/vicente\/?p=1221"},"modified":"2016-06-03T18:08:29","modified_gmt":"2016-06-03T21:08:29","slug":"interino-esta-brincando-com-fogo","status":"publish","type":"post","link":"https:\/\/blogs.correiobraziliense.com.br\/vicente\/interino-esta-brincando-com-fogo\/","title":{"rendered":"Temer est\u00e1 brincando com fogo"},"content":{"rendered":"<p>H\u00e1 um clima de apreens\u00e3o e de decep\u00e7\u00e3o entre os economistas ante os passos mais recentes dados pelo presidente interino, Michel Temer. Para Marcos Lisboa, presidente da escola de neg\u00f3cios Insper, \u00e9 inadmiss\u00edvel que o governo provis\u00f3rio, que assumiu prometendo um forte ajuste fiscal, ceda a grupos de press\u00e3o e transfira a fatura para a maior parte da sociedade. Ele se refere ao aumento concedido aos servidores p\u00fablicos, que custar\u00e1 at\u00e9 R$ 58 bilh\u00f5es em quatro anos, e \u00e0 cria\u00e7\u00e3o de mais de 14 mil cargos na administra\u00e7\u00e3o p\u00fablica.<\/p>\n<p>&nbsp;<\/p>\n<p>&#8220;Estamos vivendo o maior desemprego da hist\u00f3ria, com 11,4 milh\u00f5es de desocupados, e aqueles que ainda se mant\u00eam no mercado de trabalho veem a renda cair. \u00c9 inaceit\u00e1vel que um grupo que tem estabilidade no emprego, que tem voz em Bras\u00edlia, transfira a conta para o restante da sociedade&#8221;, afirma Lisboa. Mantido esse tipo de comportamento, o governo Temer pode provocar uma crise ainda mais grave. &#8220;N\u00e3o h\u00e1 mais como atender a grupos de interesse. \u00c9 preciso pensar no pa\u00eds como um todo&#8221;, refor\u00e7a.<\/p>\n<p>&nbsp;<\/p>\n<p>Temer, ao avalizar o reajuste dos servidores (a conta vai aumentar, pois v\u00e1rias carreiras ainda n\u00e3o tiveram os projetos de aumento de sal\u00e1rios votados pelo Congresso) e a amplia\u00e7\u00e3o de vagas em v\u00e1rios \u00f3rg\u00e3os p\u00fablicos, est\u00e1 indicando um sinal equivocado \u00e0 sociedade, que est\u00e1 disposta a dar sua cota de sacrif\u00edcio, mas quer um governo firme, comprometido com o ajuste fiscal. N\u00e3o uma administra\u00e7\u00e3o que brinque com fogo. A presidente afastada, Dilma Rousseff, se especializou em estripulias, manobras, pedaladas nas contas p\u00fablicas. Foi golpeada por um processo de impeachment e entrou para a hist\u00f3ria como uma das piores presidentes do Brasil &#8212; sen\u00e3o, a pior.<\/p>\n<p>&nbsp;<\/p>\n<p>Ainda \u00e9 poss\u00edvel virar o jogo. Infelizmente, na \u00e2nsia de antecipar a vota\u00e7\u00e3o do impeachment no Senado e de liquidar a fatura at\u00e9 julho, Temer est\u00e1 abrindo todas as portas e cedendo a todos os grupos de press\u00e3o. Corre o risco de meter os p\u00e9s pelas m\u00e3os. N\u00e3o h\u00e1 mais toler\u00e2ncia da sociedade, que sofre com desemprego, infla\u00e7\u00e3o alta e recess\u00e3o, com governos comprometidos com grupos espec\u00edficos em detrimento da maioria.<\/p>\n<p>&nbsp;<\/p>\n<p><em>Bras\u00edlia, 10h30min<\/em><\/p>\n","protected":false},"excerpt":{"rendered":"<p>H\u00e1 um clima de apreens\u00e3o e de decep\u00e7\u00e3o entre os economistas ante os passos mais recentes dados pelo presidente interino, Michel Temer. Para Marcos Lisboa, presidente da escola de neg\u00f3cios Insper, \u00e9 inadmiss\u00edvel que o governo provis\u00f3rio, que assumiu prometendo um forte ajuste fiscal, ceda a grupos de press\u00e3o e transfira a fatura para a [&hellip;]<\/p>\n","protected":false},"author":22,"featured_media":0,"comment_status":"open","ping_status":"closed","sticky":false,"template":"","format":"standard","meta":{"footnotes":""},"categories":[1],"tags":[71,11,141,140,139,111,124,31,123],"class_list":["post-1221","post","type-post","status-publish","format-standard","hentry","category-sem-categoria","tag-desemprego","tag-dilma-rousseff","tag-grupos-de-interesse","tag-insper","tag-marcos-lisboa","tag-michel-temer","tag-reajustes","tag-recessao","tag-servidores"],"_links":{"self":[{"href":"https:\/\/blogs.correiobraziliense.com.br\/vicente\/wp-json\/wp\/v2\/posts\/1221","targetHints":{"allow":["GET"]}}],"collection":[{"href":"https:\/\/blogs.correiobraziliense.com.br\/vicente\/wp-json\/wp\/v2\/posts"}],"about":[{"href":"https:\/\/blogs.correiobraziliense.com.br\/vicente\/wp-json\/wp\/v2\/types\/post"}],"author":[{"embeddable":true,"href":"https:\/\/blogs.correiobraziliense.com.br\/vicente\/wp-json\/wp\/v2\/users\/22"}],"replies":[{"embeddable":true,"href":"https:\/\/blogs.correiobraziliense.com.br\/vicente\/wp-json\/wp\/v2\/comments?post=1221"}],"version-history":[{"count":3,"href":"https:\/\/blogs.correiobraziliense.com.br\/vicente\/wp-json\/wp\/v2\/posts\/1221\/revisions"}],"predecessor-version":[{"id":1236,"href":"https:\/\/blogs.correiobraziliense.com.br\/vicente\/wp-json\/wp\/v2\/posts\/1221\/revisions\/1236"}],"wp:attachment":[{"href":"https:\/\/blogs.correiobraziliense.com.br\/vicente\/wp-json\/wp\/v2\/media?parent=1221"}],"wp:term":[{"taxonomy":"category","embeddable":true,"href":"https:\/\/blogs.correiobraziliense.com.br\/vicente\/wp-json\/wp\/v2\/categories?post=1221"},{"taxonomy":"post_tag","embeddable":true,"href":"https:\/\/blogs.correiobraziliense.com.br\/vicente\/wp-json\/wp\/v2\/tags?post=1221"}],"curies":[{"name":"wp","href":"https:\/\/api.w.org\/{rel}","templated":true}]}}