{"id":12199,"date":"2019-11-12T18:01:27","date_gmt":"2019-11-12T21:01:27","guid":{"rendered":"https:\/\/blogs.correiobraziliense.com.br\/vicente\/?p=12199"},"modified":"2019-11-12T19:16:25","modified_gmt":"2019-11-12T22:16:25","slug":"a-ambicao-da-cupula-da-caixa-pelo-comando-do-banco-do-brasil","status":"publish","type":"post","link":"https:\/\/blogs.correiobraziliense.com.br\/vicente\/a-ambicao-da-cupula-da-caixa-pelo-comando-do-banco-do-brasil\/","title":{"rendered":"A ambi\u00e7\u00e3o da c\u00fapula da Caixa pelo comando do Banco do Brasil"},"content":{"rendered":"<figure id=\"attachment_12200\" aria-describedby=\"caption-attachment-12200\" style=\"width: 623px\" class=\"wp-caption alignleft\"><a href=\"https:\/\/blogs.correiobraziliense.com.br\/vicente\/wp-content\/uploads\/sites\/16\/2019\/11\/RubemBB.jpg\"><img loading=\"lazy\" decoding=\"async\" class=\" wp-image-12200\" src=\"https:\/\/blogs.correiobraziliense.com.br\/vicente\/wp-content\/uploads\/sites\/16\/2019\/11\/RubemBB.jpg\" alt=\"\" width=\"623\" height=\"415\" srcset=\"https:\/\/blogs.correiobraziliense.com.br\/vicente\/wp-content\/uploads\/sites\/16\/2019\/11\/RubemBB.jpg 275w, https:\/\/blogs.correiobraziliense.com.br\/vicente\/wp-content\/uploads\/sites\/16\/2019\/11\/RubemBB-230x153.jpg 230w\" sizes=\"auto, (max-width: 623px) 100vw, 623px\" \/><\/a><figcaption id=\"caption-attachment-12200\" class=\"wp-caption-text\">Foto: Reprodu\u00e7\u00e3o\/ BB<\/figcaption><\/figure>\n<figure id=\"attachment_12201\" aria-describedby=\"caption-attachment-12201\" style=\"width: 620px\" class=\"wp-caption alignleft\"><a href=\"https:\/\/blogs.correiobraziliense.com.br\/vicente\/wp-content\/uploads\/sites\/16\/2019\/11\/PedroCaixa.jpg\"><img loading=\"lazy\" decoding=\"async\" class=\" wp-image-12201\" src=\"https:\/\/blogs.correiobraziliense.com.br\/vicente\/wp-content\/uploads\/sites\/16\/2019\/11\/PedroCaixa-1024x683.jpg\" alt=\"\" width=\"620\" height=\"413\" srcset=\"https:\/\/blogs.correiobraziliense.com.br\/vicente\/wp-content\/uploads\/sites\/16\/2019\/11\/PedroCaixa-1024x683.jpg 1024w, https:\/\/blogs.correiobraziliense.com.br\/vicente\/wp-content\/uploads\/sites\/16\/2019\/11\/PedroCaixa-300x200.jpg 300w, https:\/\/blogs.correiobraziliense.com.br\/vicente\/wp-content\/uploads\/sites\/16\/2019\/11\/PedroCaixa-768x512.jpg 768w, https:\/\/blogs.correiobraziliense.com.br\/vicente\/wp-content\/uploads\/sites\/16\/2019\/11\/PedroCaixa-350x233.jpg 350w, https:\/\/blogs.correiobraziliense.com.br\/vicente\/wp-content\/uploads\/sites\/16\/2019\/11\/PedroCaixa-550x367.jpg 550w, https:\/\/blogs.correiobraziliense.com.br\/vicente\/wp-content\/uploads\/sites\/16\/2019\/11\/PedroCaixa-230x153.jpg 230w, https:\/\/blogs.correiobraziliense.com.br\/vicente\/wp-content\/uploads\/sites\/16\/2019\/11\/PedroCaixa.jpg 1140w\" sizes=\"auto, (max-width: 620px) 100vw, 620px\" \/><\/a><figcaption id=\"caption-attachment-12201\" class=\"wp-caption-text\">Foto: Valter Campanato\/Ag\u00eancia Brasil<\/figcaption><\/figure>\n<p class=\"mceTemp\"><span style=\"font-size: 16px\">H\u00e1 pelo menos duas semanas, funcion\u00e1rios do Banco do Brasil v\u00eam sendo bombardeados sobre a possibilidade de o atual presidente da Caixa, Pedro Guimar\u00e3es, substituir Rubem Novaes no comando da maior institui\u00e7\u00e3o financeira p\u00fablica do pa\u00eds.<\/span><\/p>\n<p>O burburinho estava t\u00e3o forte, que chegaram at\u00e9 a marcar a posse de Guimar\u00e3es, 11 de novembro. S\u00f3 faltaria o ok do presidente da Rep\u00fablica, Jair Bolsonaro, que, naquele dia, levou o presidente do BB para a entrega de casas do Minha Casa, Minha Vida, na Para\u00edba.<\/p>\n<p>&nbsp;<\/p>\n<p>A grande pergunta que os funcion\u00e1rios do BB se fazem \u00e9 o que tanto Guimar\u00e3es quer com o banco? Esse questionamento, inclusive, foi feito a Rubem Novaes, que tratou a sua poss\u00edvel substitui\u00e7\u00e3o como boato. Quem o ouviu falar sobre o tema diz que ele foi convincente.<\/p>\n<p>&nbsp;<\/p>\n<p>Publicamente, Pedro Guimar\u00e3es tamb\u00e9m nega a eventual troca de cadeiras entre BB e Caixa. Ele foi questionado nesta ter\u00e7a-feira, 12 de novembro, sobre ir para a presid\u00eancia do BB durante entrevista de an\u00fancio do balan\u00e7o do banco que comanda. Nesse caso, n\u00e3o foi convincente.<\/p>\n<p>&nbsp;<\/p>\n<p><strong>Casa Civil<\/strong><\/p>\n<p>&nbsp;<\/p>\n<p>Em se tratando de governo, no entanto, tudo \u00e9 poss\u00edvel. N\u00e3o \u00e0 toa, os funcion\u00e1rios do BB est\u00e3o em polvorosa. Alguns deles, inclusive, se movimentaram junto \u00e0 Casa Civil para checar se realmente o nome de Guimar\u00e3es estava sendo avaliado pelo Planalto para substituir Novaes. A Casa Civil negou.<\/p>\n<p>&nbsp;<\/p>\n<p>Maldosamente, nos corredores do BB, o que se diz \u00e9 que toda a hist\u00f3ria da ida de Guimar\u00e3es para lugar de Novaes foi criada por funcion\u00e1rios da Caixa, insatisfeitos com a atual gest\u00e3o da institui\u00e7\u00e3o. O bal\u00e3o de ensaio, pelo menos por enquanto, n\u00e3o colou.<\/p>\n<p>&nbsp;<\/p>\n<p>A base do discurso dos que defendem a ida de Guimar\u00e3es para o BB est\u00e1 na futura privatiza\u00e7\u00e3o do banco. Ele tocaria o processo num ritmo muito mais veloz do que Rubem Novaes, que teria sido cooptado pelos funcion\u00e1rios do BB.<\/p>\n<p>&nbsp;<\/p>\n<p>O certo \u00e9 que, enquanto o ministro da Economia, Paulo Guedes, que d\u00e1 a \u00faltima palavra em rela\u00e7\u00e3o ao Banco do Brasil e \u00e0 Caixa n\u00e3o botar um ponto final no disse-me-disse, a eventual troca de cadeiras entre os presidentes das duas institui\u00e7\u00f5es p\u00fablicas continuar\u00e1 no centro das aten\u00e7\u00f5es.<\/p>\n<p>&nbsp;<\/p>\n<p><em>Bras\u00edlia, 18h01min<\/em><\/p>\n","protected":false},"excerpt":{"rendered":"<p>H\u00e1 pelo menos duas semanas, funcion\u00e1rios do Banco do Brasil v\u00eam sendo bombardeados sobre a possibilidade de o atual presidente da Caixa, Pedro Guimar\u00e3es, substituir Rubem Novaes no comando da maior institui\u00e7\u00e3o financeira p\u00fablica do pa\u00eds. O burburinho estava t\u00e3o forte, que chegaram at\u00e9 a marcar a posse de Guimar\u00e3es, 11 de novembro. S\u00f3 faltaria [&hellip;]<\/p>\n","protected":false},"author":22,"featured_media":0,"comment_status":"open","ping_status":"closed","sticky":false,"template":"","format":"standard","meta":{"footnotes":""},"categories":[600],"tags":[2592,378,110,4230,4232,4229,4231],"class_list":["post-12199","post","type-post","status-publish","format-standard","hentry","category-economia","tag-banco","tag-brasil","tag-caixa","tag-guimaraes","tag-novaes","tag-pedro","tag-rubem"],"_links":{"self":[{"href":"https:\/\/blogs.correiobraziliense.com.br\/vicente\/wp-json\/wp\/v2\/posts\/12199","targetHints":{"allow":["GET"]}}],"collection":[{"href":"https:\/\/blogs.correiobraziliense.com.br\/vicente\/wp-json\/wp\/v2\/posts"}],"about":[{"href":"https:\/\/blogs.correiobraziliense.com.br\/vicente\/wp-json\/wp\/v2\/types\/post"}],"author":[{"embeddable":true,"href":"https:\/\/blogs.correiobraziliense.com.br\/vicente\/wp-json\/wp\/v2\/users\/22"}],"replies":[{"embeddable":true,"href":"https:\/\/blogs.correiobraziliense.com.br\/vicente\/wp-json\/wp\/v2\/comments?post=12199"}],"version-history":[{"count":3,"href":"https:\/\/blogs.correiobraziliense.com.br\/vicente\/wp-json\/wp\/v2\/posts\/12199\/revisions"}],"predecessor-version":[{"id":12204,"href":"https:\/\/blogs.correiobraziliense.com.br\/vicente\/wp-json\/wp\/v2\/posts\/12199\/revisions\/12204"}],"wp:attachment":[{"href":"https:\/\/blogs.correiobraziliense.com.br\/vicente\/wp-json\/wp\/v2\/media?parent=12199"}],"wp:term":[{"taxonomy":"category","embeddable":true,"href":"https:\/\/blogs.correiobraziliense.com.br\/vicente\/wp-json\/wp\/v2\/categories?post=12199"},{"taxonomy":"post_tag","embeddable":true,"href":"https:\/\/blogs.correiobraziliense.com.br\/vicente\/wp-json\/wp\/v2\/tags?post=12199"}],"curies":[{"name":"wp","href":"https:\/\/api.w.org\/{rel}","templated":true}]}}