{"id":12198,"date":"2019-11-13T13:44:28","date_gmt":"2019-11-13T16:44:28","guid":{"rendered":"https:\/\/blogs.correiobraziliense.com.br\/vicente\/?p=12198"},"modified":"2019-11-13T20:53:02","modified_gmt":"2019-11-13T23:53:02","slug":"bolsonaro-evita-whatsapp-e-articula-alianca-pelo-brasil-pessoalmente-com-aliados-escolhidos-a-dedo","status":"publish","type":"post","link":"https:\/\/blogs.correiobraziliense.com.br\/vicente\/bolsonaro-evita-whatsapp-e-articula-alianca-pelo-brasil-pessoalmente-com-aliados-escolhidos-a-dedo\/","title":{"rendered":"Bolsonaro evita WhatsApp e articula Alian\u00e7a pelo Brasil pessoalmente com aliados escolhidos a dedo"},"content":{"rendered":"<h2><span style=\"font-weight: 400\">RODOLFO COSTA<\/span><\/h2>\n<h2><\/h2>\n<h2><span style=\"font-weight: 400\">O presidente Jair Bolsonaro escolheu a dedo os respons\u00e1veis que o auxiliar\u00e3o na cria\u00e7\u00e3o do novo partido. Depois de ter vazado na imprensa o nome da legenda, Alian\u00e7a pelo Brasil, e as tratativas para se chegar ao n\u00famero de assinaturas necess\u00e1rias para a funda\u00e7\u00e3o da legenda por meio de um aplicativo, o chefe do Executivo federal decidiu restringir os assuntos mais estrat\u00e9gicos aos mais confi\u00e1veis. <\/span><\/h2>\n<p>&nbsp;<\/p>\n<p><span style=\"font-weight: 400\">Os pr\u00f3ximos movimentos est\u00e3o sendo debatidos somente pessoalmente e junto aos mais pr\u00f3ximos: os deputados Eduardo Bolsonaro (PSL-SP), H\u00e9lio Lopes (PSL-RJ) e Bia Kicis (PSL-DF); o senador Fl\u00e1vio Bolsonaro (PSL-RJ); o vereador fluminense Carlos Bolsonaro (PSC-RJ); e a advogada Karina Kufa.\u00a0<\/span><\/p>\n<p>&nbsp;<\/p>\n<p><span style=\"font-weight: 400\">At\u00e9 mesmo conversas por WhatsApp est\u00e3o sendo evitadas por Bolsonaro. O presidente tem um telefone com criptografia que garante a seguran\u00e7a na conversa, mas a seguran\u00e7a cibern\u00e9tica s\u00f3 funciona caso outras pessoas tenham o mesmo telefone, destinado apenas a ministros de Estado e secret\u00e1rios. Por esse motivo, as conversas mais sigilosas sobre o Alian\u00e7a est\u00e3o sendo feitas reservadamente, e os conte\u00fados est\u00e3o ficando guardados a sete chaves.<\/span><\/p>\n<p>&nbsp;<\/p>\n<p><span style=\"font-weight: 400\">O deputado federal Daniel Silveira (PSL-RJ) disse, ontem, que as a\u00e7\u00f5es mais estrat\u00e9gicas permanecem sob sigilo, a fim de n\u00e3o fragmentar as informa\u00e7\u00f5es e pulverizar os pormenores. \u201cPara n\u00e3o ter essa fragmenta\u00e7\u00e3o de informa\u00e7\u00f5es, a gente, por seguran\u00e7a, n\u00e3o est\u00e1 passando para frente ainda\u201d, declarou, na ter\u00e7a-feira (12\/11). Por\u00e9m, segundo banca um aliado do presidente ao Blog, ele pr\u00f3prio n\u00e3o tem conhecimento das a\u00e7\u00f5es mais confidenciais. <\/span><\/p>\n","protected":false},"excerpt":{"rendered":"<p>RODOLFO COSTA O presidente Jair Bolsonaro escolheu a dedo os respons\u00e1veis que o auxiliar\u00e3o na cria\u00e7\u00e3o do novo partido. Depois de ter vazado na imprensa o nome da legenda, Alian\u00e7a pelo Brasil, e as tratativas para se chegar ao n\u00famero de assinaturas necess\u00e1rias para a funda\u00e7\u00e3o da legenda por meio de um aplicativo, o chefe [&hellip;]<\/p>\n","protected":false},"author":22,"featured_media":12208,"comment_status":"open","ping_status":"closed","sticky":false,"template":"","format":"standard","meta":{"footnotes":""},"categories":[600],"tags":[3546,2554,378,3596],"class_list":["post-12198","post","type-post","status-publish","format-standard","has-post-thumbnail","hentry","category-economia","tag-alianca","tag-bolsonaro","tag-brasil","tag-psl"],"_links":{"self":[{"href":"https:\/\/blogs.correiobraziliense.com.br\/vicente\/wp-json\/wp\/v2\/posts\/12198","targetHints":{"allow":["GET"]}}],"collection":[{"href":"https:\/\/blogs.correiobraziliense.com.br\/vicente\/wp-json\/wp\/v2\/posts"}],"about":[{"href":"https:\/\/blogs.correiobraziliense.com.br\/vicente\/wp-json\/wp\/v2\/types\/post"}],"author":[{"embeddable":true,"href":"https:\/\/blogs.correiobraziliense.com.br\/vicente\/wp-json\/wp\/v2\/users\/22"}],"replies":[{"embeddable":true,"href":"https:\/\/blogs.correiobraziliense.com.br\/vicente\/wp-json\/wp\/v2\/comments?post=12198"}],"version-history":[{"count":3,"href":"https:\/\/blogs.correiobraziliense.com.br\/vicente\/wp-json\/wp\/v2\/posts\/12198\/revisions"}],"predecessor-version":[{"id":12235,"href":"https:\/\/blogs.correiobraziliense.com.br\/vicente\/wp-json\/wp\/v2\/posts\/12198\/revisions\/12235"}],"wp:featuredmedia":[{"embeddable":true,"href":"https:\/\/blogs.correiobraziliense.com.br\/vicente\/wp-json\/wp\/v2\/media\/12208"}],"wp:attachment":[{"href":"https:\/\/blogs.correiobraziliense.com.br\/vicente\/wp-json\/wp\/v2\/media?parent=12198"}],"wp:term":[{"taxonomy":"category","embeddable":true,"href":"https:\/\/blogs.correiobraziliense.com.br\/vicente\/wp-json\/wp\/v2\/categories?post=12198"},{"taxonomy":"post_tag","embeddable":true,"href":"https:\/\/blogs.correiobraziliense.com.br\/vicente\/wp-json\/wp\/v2\/tags?post=12198"}],"curies":[{"name":"wp","href":"https:\/\/api.w.org\/{rel}","templated":true}]}}