{"id":12182,"date":"2019-11-11T17:01:34","date_gmt":"2019-11-11T20:01:34","guid":{"rendered":"https:\/\/blogs.correiobraziliense.com.br\/vicente\/?p=12182"},"modified":"2019-11-11T17:35:43","modified_gmt":"2019-11-11T20:35:43","slug":"bolsonaro-restringe-beneficios-para-emprego-a-jovens-trabalhadores-com-mais-de-55-anos-ficam-de-fora","status":"publish","type":"post","link":"https:\/\/blogs.correiobraziliense.com.br\/vicente\/bolsonaro-restringe-beneficios-para-emprego-a-jovens-trabalhadores-com-mais-de-55-anos-ficam-de-fora\/","title":{"rendered":"Bolsonaro restringe benef\u00edcios para emprego a jovens. Trabalhadores com mais de 55 anos ficam de fora"},"content":{"rendered":"<h2>RODOLFO COSTA<\/h2>\n<h2><\/h2>\n<h2>A medida provis\u00f3ria (MP) que o governo editar\u00e1 para estimular a cria\u00e7\u00e3o de empregos no pa\u00eds vai priorizar somente os jovens, entre 18 e 29 anos. O ministro da Economia, Paulo Guedes, convenceu o presidente da Rep\u00fablica, Jair Bolsonaro, de que, neste primeiro momento, \u00e9 melhor deixar os trabalhadores com mais de 55 anos de fora dos benef\u00edcios.<\/h2>\n<p>&nbsp;<\/p>\n<p>Guedes acredita que \u00e9 melhor avaliar os resultados dos incentivos, que ter\u00e3o custos para o Tesouro Nacional, para ver se realmente vale a pena ampliar os benef\u00edcios para a contrata\u00e7\u00e3o. O governo abrir\u00e1 m\u00e3o da contribui\u00e7\u00e3o patronal ao Instituto Nacional do Seguro Social (INSS) e reduzir\u00e1 o Fundo de Garantia do Tempo de Servi\u00e7o (FGTS) de 8% para 2% do sal\u00e1rio.<\/p>\n<p>&nbsp;<\/p>\n<p>A decis\u00e3o do governo de criar o programa Trabalho Verde Amarelo por MP foi tomada depois de um acerto entre o secret\u00e1rio de Previd\u00eancia e Trabalho, Rog\u00e9rio Marinho, e o presidente da C\u00e2mara Rodrigo Maia. Marinho, por sinal, \u00e9 hoje a pessoa do governo com mais tr\u00e2nsito no Congresso.<\/p>\n<p>&nbsp;<\/p>\n<p><strong>Desconforto<\/strong><\/p>\n<p>&nbsp;<\/p>\n<p>Segundo fontes do Planalto, Guedes n\u00e3o se sente confort\u00e1vel para ampliar demais os benef\u00edcios fiscais para o programa Trabalho Verde Amarelo por causa da necessidade de ter receitas no Or\u00e7amento para cobrir o que o governo deixar\u00e1 de arrecadar. Ele nem pensa e desrespeitar a Lei de Responsabilidade Fiscal (LRF).<\/p>\n<p>&nbsp;<\/p>\n<p>Outro ponto importante considerado por Guedes: o medo do fracasso nas contrata\u00e7\u00f5es. N\u00e3o se pode esquecer que, durante o governo de Dilma Rousseff, o governo deu uma s\u00e9rie de incentivos \u00e0s empresas, desonerou a folha de sal\u00e1rios, mas n\u00e3o houve contrata\u00e7\u00f5es. Pelo contr\u00e1rio, o desemprego disparou.<\/p>\n<p>&nbsp;<\/p>\n<p>Na verdade, as empresas aproveitaram os ganhos tribut\u00e1rios para aumentar as margens de lucro. Guedes n\u00e3o quer que isso se repita. Por isso, a op\u00e7\u00e3o pela gradualidade do programa, deixando os trabalhadores com mais de 55 anos de fora dos incentivos.<\/p>\n<p>&nbsp;<\/p>\n<p>O programa Trabalho Verde Amarelo saiu gra\u00e7as ao empenho pessoal de Rog\u00e9rio Marinho. Boa parte da equipe econ\u00f4mica era contra.<\/p>\n<p>&nbsp;<\/p>\n<p><em>Bras\u00edlia, 17h01min<\/em><\/p>\n","protected":false},"excerpt":{"rendered":"<p>RODOLFO COSTA A medida provis\u00f3ria (MP) que o governo editar\u00e1 para estimular a cria\u00e7\u00e3o de empregos no pa\u00eds vai priorizar somente os jovens, entre 18 e 29 anos. O ministro da Economia, Paulo Guedes, convenceu o presidente da Rep\u00fablica, Jair Bolsonaro, de que, neste primeiro momento, \u00e9 melhor deixar os trabalhadores com mais de 55 [&hellip;]<\/p>\n","protected":false},"author":22,"featured_media":10371,"comment_status":"open","ping_status":"closed","sticky":false,"template":"","format":"standard","meta":{"footnotes":""},"categories":[600],"tags":[2554,1343,431,4223,3613,810],"class_list":["post-12182","post","type-post","status-publish","format-standard","has-post-thumbnail","hentry","category-economia","tag-bolsonaro","tag-emprego","tag-jovens","tag-mais-de-55-anos","tag-paulo-guedes","tag-trabalhadores"],"_links":{"self":[{"href":"https:\/\/blogs.correiobraziliense.com.br\/vicente\/wp-json\/wp\/v2\/posts\/12182","targetHints":{"allow":["GET"]}}],"collection":[{"href":"https:\/\/blogs.correiobraziliense.com.br\/vicente\/wp-json\/wp\/v2\/posts"}],"about":[{"href":"https:\/\/blogs.correiobraziliense.com.br\/vicente\/wp-json\/wp\/v2\/types\/post"}],"author":[{"embeddable":true,"href":"https:\/\/blogs.correiobraziliense.com.br\/vicente\/wp-json\/wp\/v2\/users\/22"}],"replies":[{"embeddable":true,"href":"https:\/\/blogs.correiobraziliense.com.br\/vicente\/wp-json\/wp\/v2\/comments?post=12182"}],"version-history":[{"count":11,"href":"https:\/\/blogs.correiobraziliense.com.br\/vicente\/wp-json\/wp\/v2\/posts\/12182\/revisions"}],"predecessor-version":[{"id":12193,"href":"https:\/\/blogs.correiobraziliense.com.br\/vicente\/wp-json\/wp\/v2\/posts\/12182\/revisions\/12193"}],"wp:featuredmedia":[{"embeddable":true,"href":"https:\/\/blogs.correiobraziliense.com.br\/vicente\/wp-json\/wp\/v2\/media\/10371"}],"wp:attachment":[{"href":"https:\/\/blogs.correiobraziliense.com.br\/vicente\/wp-json\/wp\/v2\/media?parent=12182"}],"wp:term":[{"taxonomy":"category","embeddable":true,"href":"https:\/\/blogs.correiobraziliense.com.br\/vicente\/wp-json\/wp\/v2\/categories?post=12182"},{"taxonomy":"post_tag","embeddable":true,"href":"https:\/\/blogs.correiobraziliense.com.br\/vicente\/wp-json\/wp\/v2\/tags?post=12182"}],"curies":[{"name":"wp","href":"https:\/\/api.w.org\/{rel}","templated":true}]}}