{"id":12172,"date":"2019-11-10T09:02:26","date_gmt":"2019-11-10T12:02:26","guid":{"rendered":"https:\/\/blogs.correiobraziliense.com.br\/vicente\/?p=12172"},"modified":"2019-11-10T10:13:58","modified_gmt":"2019-11-10T13:13:58","slug":"governo-aposta-em-mais-empregos-para-rebater-os-ataques-de-lula","status":"publish","type":"post","link":"https:\/\/blogs.correiobraziliense.com.br\/vicente\/governo-aposta-em-mais-empregos-para-rebater-os-ataques-de-lula\/","title":{"rendered":"Governo aposta em mais empregos para rebater os ataques de Lula"},"content":{"rendered":"<h2>Se j\u00e1 havia uma grande expectativa do governo em rela\u00e7\u00e3o ao pacote para estimular a cria\u00e7\u00e3o de empregos entre jovenn e trabalhadores mais velhos, a ansiedade cresceu depois dos fortes ataques de Lula \u00e0 pol\u00edtica econ\u00f4mica do ministro Paulo Guedes.<\/h2>\n<p>&nbsp;<\/p>\n<p>N\u00e3o por acaso, o Pal\u00e1cio do do Planalto se movimenta para refor\u00e7ar o lan\u00e7amento do programa\u00a0Trabalho Verde Amarelo, marcado para esta segunda-feira, 11 de setembro. O programa \u00e9 a principal aposta do presidente Jair Bolsonaro entre as medidas da agenda econ\u00f4mica p\u00f3s-Previd\u00eancia.<\/p>\n<p>&nbsp;<\/p>\n<p>Pelo programa, as empresas que contratarem jovens entre 18 e 29 anos e pessoas com mais de 55 anos ter\u00e3o redu\u00e7\u00e3o nos custos trabalhistas. A meta \u00e9 gerar 4 milh\u00f5es de vagas at\u00e9 o fim do governo de Bolsonaro. Com isso, a taxa de desemprego, que se mant\u00e9m em torno de 12%, cairia para menos de 10%.<\/p>\n<p>&nbsp;<\/p>\n<p>No discurso de Lula, no s\u00e1bado, 9 de novembro, houve muitas cr\u00edticas \u00e0 falta de pol\u00edticas concretas por parte do governo para reduzir o desemprego. O petista falou, inclusive, que as a\u00e7\u00f5es do ministro da Economia t\u00eam estimulado a precariza\u00e7\u00e3o do trabalho. A redu\u00e7\u00e3o dos benef\u00edcios trabalhistas do programa Verde Amarelo seria um claro exemplo da precariza\u00e7\u00e3o da m\u00e3o de obra.<\/p>\n<p>&nbsp;<\/p>\n<p>O programa, como se sabe, permitir\u00e1 \u00e0s empresas n\u00e3o recolherem a contribui\u00e7\u00e3o patronal para o Instuto Nacional do Seguro Social (INSS), de 20% sobre a folha de sal\u00e1rio, e as al\u00edquotas do Sistema S, do sal\u00e1rio-educa\u00e7\u00e3o e do Incra. A\u00a0contribui\u00e7\u00e3o para Fundo de Garantia do Tempo de Servi\u00e7o (FGTS), ser\u00e1 de 2% ante os 8% dos atuais. O valor da multa, em caso de demiss\u00e3o sem justa causa, ser\u00e1 de 20% sobre o saldo (hoje \u00e9 de 40%).<\/p>\n<p>&nbsp;<\/p>\n<p><b>Discurso<\/b><\/p>\n<p>&nbsp;<\/p>\n<p>O governo vai difundir o discurso de que \u00e9 melhor estar empregado com benef\u00edcios trabalhistas menores do que ficar na fila de desocupados, sem recursos para comprar o m\u00ednimo necess\u00e1rio para a sobreviv\u00eancia. Mas, para os cr\u00edticos do programa, grupo do qual Lula agora faz parte, a desonera\u00e7\u00e3o por faixas de idade provocar\u00e1 distor\u00e7\u00f5es e deslocamento do emprego das faixas que ficar\u00e3o fora da redu\u00e7\u00e3o do custo de contrata\u00e7\u00e3o, entre 30 e 54 anos, para as faixas com benef\u00edcios.<\/p>\n<p>&nbsp;<\/p>\n<p>Segundo o Planalto, a medida provis\u00f3ria (MP) que ser\u00e1 assinada por Bolsonaro trar\u00e1 mecanismo para evitar que isso aconte\u00e7a.\u00a0Uma delas ser\u00e1 a limita\u00e7\u00e3o da faixa salarial para o programa. A desonera\u00e7\u00e3o da folha de sal\u00e1rios s\u00f3 valer\u00e1 para trabalhadores com remunera\u00e7\u00e3o de at\u00e9 1,5 sal\u00e1rio m\u00ednimo, hoje, correspondente a R$ 1.497.<\/p>\n<p>&nbsp;<\/p>\n<p>A grande pergunta que se faz dentro do governo \u00e9 quem vencer\u00e1 a batalha da comunica\u00e7\u00e3o. O Planalto acredita que A oportunidade de uma vaga no mercado de trabalho ter\u00e1 muito mais apelo do que as cr\u00edticas vindas de um ex-presidi\u00e1rio.<\/p>\n<p>&nbsp;<\/p>\n<p><i>Bras\u00edlia, 09h02min<\/i><\/p>\n","protected":false},"excerpt":{"rendered":"<p>Se j\u00e1 havia uma grande expectativa do governo em rela\u00e7\u00e3o ao pacote para estimular a cria\u00e7\u00e3o de empregos entre jovenn e trabalhadores mais velhos, a ansiedade cresceu depois dos fortes ataques de Lula \u00e0 pol\u00edtica econ\u00f4mica do ministro Paulo Guedes. &nbsp; N\u00e3o por acaso, o Pal\u00e1cio do do Planalto se movimenta para refor\u00e7ar o lan\u00e7amento [&hellip;]<\/p>\n","protected":false},"author":22,"featured_media":10346,"comment_status":"open","ping_status":"closed","sticky":false,"template":"","format":"standard","meta":{"footnotes":""},"categories":[600],"tags":[4219,2554,1343,23,3613,2307,4218],"class_list":["post-12172","post","type-post","status-publish","format-standard","has-post-thumbnail","hentry","category-economia","tag-amarelo","tag-bolsonaro","tag-emprego","tag-lula","tag-paulo-guedes","tag-trabalho","tag-verde"],"_links":{"self":[{"href":"https:\/\/blogs.correiobraziliense.com.br\/vicente\/wp-json\/wp\/v2\/posts\/12172","targetHints":{"allow":["GET"]}}],"collection":[{"href":"https:\/\/blogs.correiobraziliense.com.br\/vicente\/wp-json\/wp\/v2\/posts"}],"about":[{"href":"https:\/\/blogs.correiobraziliense.com.br\/vicente\/wp-json\/wp\/v2\/types\/post"}],"author":[{"embeddable":true,"href":"https:\/\/blogs.correiobraziliense.com.br\/vicente\/wp-json\/wp\/v2\/users\/22"}],"replies":[{"embeddable":true,"href":"https:\/\/blogs.correiobraziliense.com.br\/vicente\/wp-json\/wp\/v2\/comments?post=12172"}],"version-history":[{"count":3,"href":"https:\/\/blogs.correiobraziliense.com.br\/vicente\/wp-json\/wp\/v2\/posts\/12172\/revisions"}],"predecessor-version":[{"id":12176,"href":"https:\/\/blogs.correiobraziliense.com.br\/vicente\/wp-json\/wp\/v2\/posts\/12172\/revisions\/12176"}],"wp:featuredmedia":[{"embeddable":true,"href":"https:\/\/blogs.correiobraziliense.com.br\/vicente\/wp-json\/wp\/v2\/media\/10346"}],"wp:attachment":[{"href":"https:\/\/blogs.correiobraziliense.com.br\/vicente\/wp-json\/wp\/v2\/media?parent=12172"}],"wp:term":[{"taxonomy":"category","embeddable":true,"href":"https:\/\/blogs.correiobraziliense.com.br\/vicente\/wp-json\/wp\/v2\/categories?post=12172"},{"taxonomy":"post_tag","embeddable":true,"href":"https:\/\/blogs.correiobraziliense.com.br\/vicente\/wp-json\/wp\/v2\/tags?post=12172"}],"curies":[{"name":"wp","href":"https:\/\/api.w.org\/{rel}","templated":true}]}}