{"id":12168,"date":"2019-11-09T16:05:18","date_gmt":"2019-11-09T19:05:18","guid":{"rendered":"https:\/\/blogs.correiobraziliense.com.br\/vicente\/?p=12168"},"modified":"2019-11-09T19:30:48","modified_gmt":"2019-11-09T22:30:48","slug":"bolsonaro-convoca-militares-para-tracar-enfrentamento-a-lula","status":"publish","type":"post","link":"https:\/\/blogs.correiobraziliense.com.br\/vicente\/bolsonaro-convoca-militares-para-tracar-enfrentamento-a-lula\/","title":{"rendered":"Bolsonaro convoca militares para tra\u00e7ar enfrentamento a Lula"},"content":{"rendered":"<p>O presidente da Rep\u00fablica, Jair Bolsonaro, que preferiu o sil\u00eancio no dia da sa\u00edda de Lula da pris\u00e3o, convocou, neste s\u00e1bado, 9 de novembro, uma reuni\u00e3o de emerg\u00eancia com os ministros militares e com os chefes das For\u00e7as Armadas.<\/p>\n<p>&nbsp;<\/p>\n<p>A reuni\u00e3o coincidiu com o discurso do ex-presidente no ABC paulista. Lula, como era esperado, partiu para cima de Bolsonaro, a quem acusou de &#8220;governar para os milicianos&#8221;.<\/p>\n<p>&nbsp;<\/p>\n<p>O clima de tens\u00e3o no governo \u00e9 vis\u00edvel, apesar de integrantes da alta c\u00fapula do Pal\u00e1cio do Planalto assegurar que Bolsonaro est\u00e1 tranquilo em rela\u00e7\u00e3o \u00e0 sa\u00edda de Lula da pris\u00e3o.<\/p>\n<p>&nbsp;<\/p>\n<p>Pelo Twitter do presidente, \u00e9 poss\u00edvel ver que essa alegada tranquilidade n\u00e3o existe. Em v\u00e1rias mensagens, Bolsonaro se referiu ao petista, sem cit\u00e1-lo, com bandido e canalha. Depois, nomeou o advers\u00e1rio: &#8220;Lula est\u00e1 solto, mas continua com todos os crimes dele nas costas&#8221;.<\/p>\n<p>&nbsp;<\/p>\n<p><strong>Radicaliza\u00e7\u00e3o<\/strong><\/p>\n<p>&nbsp;<\/p>\n<p>A partir de agora, o pa\u00eds deve se preparar para a radicaliza\u00e7\u00e3o total entre a esquerda e a direita. Ataques de ambos os lados tendem a ser cada vez mais virulentos, com impactos pesados no pa\u00eds.<\/p>\n<p>&nbsp;<\/p>\n<p>O governo est\u00e1 com muitos projetos no Congresso em fase de an\u00e1lise, mas, se sentido fortalecida, a oposi\u00e7\u00e3o pode criar muitas dificuldades, sobretudo se integrantes de partidos de centro, descontentes com Bolsonaro, resolverem aderir ao movimento contr\u00e1rio ao Planalto.<\/p>\n<p>&nbsp;<\/p>\n<p>No discurso deste s\u00e1bado no ABC, Lula demonstrou que elegeu a economia para atacar o governo. Ele falou, sobretudo, do elevado desemprego que atinge o pa\u00eds e do aumento da pobreza extrema.<\/p>\n<p>&nbsp;<\/p>\n<p>O governo contava justamente como a ligeira melhora da economia para convencer os parlamentares de que a aprova\u00e7\u00e3o do pacote apresentado pelo ministro Paulo Guedes \u00e9 vital para recolocar de vez o Brasil na rota do crescimento.<\/p>\n<p>&nbsp;<\/p>\n<p>Quem gosta de acompanhar o jogo pol\u00edtico deve preparar os nervos. A temperatura vai subir demais. Tomara que os dois lados tenham ju\u00edzo para n\u00e3o empurrar a fatura de suas diferen\u00e7as justamente no colo dos mais pobres.<\/p>\n<p>&nbsp;<\/p>\n<p><em>Bras\u00edlia, 16h05min<\/em><\/p>\n","protected":false},"excerpt":{"rendered":"<p>O presidente da Rep\u00fablica, Jair Bolsonaro, que preferiu o sil\u00eancio no dia da sa\u00edda de Lula da pris\u00e3o, convocou, neste s\u00e1bado, 9 de novembro, uma reuni\u00e3o de emerg\u00eancia com os ministros militares e com os chefes das For\u00e7as Armadas. &nbsp; A reuni\u00e3o coincidiu com o discurso do ex-presidente no ABC paulista. Lula, como era esperado, [&hellip;]<\/p>\n","protected":false},"author":22,"featured_media":10126,"comment_status":"open","ping_status":"closed","sticky":false,"template":"","format":"standard","meta":{"footnotes":""},"categories":[600],"tags":[2554,2528,23,769,1451],"class_list":["post-12168","post","type-post","status-publish","format-standard","has-post-thumbnail","hentry","category-economia","tag-bolsonaro","tag-encontro","tag-lula","tag-militares","tag-radicalizacao"],"_links":{"self":[{"href":"https:\/\/blogs.correiobraziliense.com.br\/vicente\/wp-json\/wp\/v2\/posts\/12168","targetHints":{"allow":["GET"]}}],"collection":[{"href":"https:\/\/blogs.correiobraziliense.com.br\/vicente\/wp-json\/wp\/v2\/posts"}],"about":[{"href":"https:\/\/blogs.correiobraziliense.com.br\/vicente\/wp-json\/wp\/v2\/types\/post"}],"author":[{"embeddable":true,"href":"https:\/\/blogs.correiobraziliense.com.br\/vicente\/wp-json\/wp\/v2\/users\/22"}],"replies":[{"embeddable":true,"href":"https:\/\/blogs.correiobraziliense.com.br\/vicente\/wp-json\/wp\/v2\/comments?post=12168"}],"version-history":[{"count":2,"href":"https:\/\/blogs.correiobraziliense.com.br\/vicente\/wp-json\/wp\/v2\/posts\/12168\/revisions"}],"predecessor-version":[{"id":12171,"href":"https:\/\/blogs.correiobraziliense.com.br\/vicente\/wp-json\/wp\/v2\/posts\/12168\/revisions\/12171"}],"wp:featuredmedia":[{"embeddable":true,"href":"https:\/\/blogs.correiobraziliense.com.br\/vicente\/wp-json\/wp\/v2\/media\/10126"}],"wp:attachment":[{"href":"https:\/\/blogs.correiobraziliense.com.br\/vicente\/wp-json\/wp\/v2\/media?parent=12168"}],"wp:term":[{"taxonomy":"category","embeddable":true,"href":"https:\/\/blogs.correiobraziliense.com.br\/vicente\/wp-json\/wp\/v2\/categories?post=12168"},{"taxonomy":"post_tag","embeddable":true,"href":"https:\/\/blogs.correiobraziliense.com.br\/vicente\/wp-json\/wp\/v2\/tags?post=12168"}],"curies":[{"name":"wp","href":"https:\/\/api.w.org\/{rel}","templated":true}]}}