{"id":12152,"date":"2019-11-08T15:47:14","date_gmt":"2019-11-08T18:47:14","guid":{"rendered":"https:\/\/blogs.correiobraziliense.com.br\/vicente\/?p=12152"},"modified":"2019-11-08T16:30:45","modified_gmt":"2019-11-08T19:30:45","slug":"planalto-esta-em-estado-de-alerta-maximo-diante-da-soltura-de-lula","status":"publish","type":"post","link":"https:\/\/blogs.correiobraziliense.com.br\/vicente\/planalto-esta-em-estado-de-alerta-maximo-diante-da-soltura-de-lula\/","title":{"rendered":"Planalto est\u00e1 em estado de alerta m\u00e1ximo diante da soltura de Lula"},"content":{"rendered":"<h2><strong>Todas as aten\u00e7\u00f5es do Pal\u00e1cio do Planalto est\u00e3o voltadas para a soltura do ex-presidente Lula, com base em decis\u00e3o do Supremo Tribunal Federal (STF) de proibir a pris\u00e3o em segunda inst\u00e2ncia.<\/strong><\/h2>\n<p>&nbsp;<\/p>\n<p>Mesmo estando em Goi\u00e2nia, onde participa de cerim\u00f4nia para entrega de \u00f4nibus escolares, o presidente Jair Bolsonaro foi avisado de todos os passos do petista. Ele recebeu um telefonema na hora em que o juiz o\u00a0juiz Danilo Pereira Jr, da 12\u00aa Vara Federal de Curitiva, atendeu o pedido da defesa de Lula, feito com base no novo entendimento do STF.<\/p>\n<p>&nbsp;<\/p>\n<p>No meio da tarde desta sexta-feira, 8 de novembro, o Planalto foi informado de que a soltura de Lula j\u00e1 havia sido expedida pela Justi\u00e7a. O ex-presidente j\u00e1 estaria prestes a deixar a cela que ocupa em Curitiba desde abril de 2018.<\/p>\n<p>&nbsp;<\/p>\n<p>A apreens\u00e3o no entorno de Bolsonaro \u00e9 grande, ainda que a maioria dos auxiliares do presidente acredite que ser\u00e1 bom para o governo a radicaliza\u00e7\u00e3o entre a esquerda e a direita.<\/p>\n<p>&nbsp;<\/p>\n<p>O Planalto prev\u00ea que parte da direita que abandonou Bolsonaro voltar\u00e1 a se aliar a ele. Aliados de Bolsonaro acreditam ainda que a radicaliza\u00e7\u00e3o entre os dois polos vai minar as candidaturas de centro.<\/p>\n<p>&nbsp;<\/p>\n<p><strong>Contagem regressiva<\/strong><\/p>\n<p>&nbsp;<\/p>\n<p>Entre os petistas, o clima \u00e9 de festa. A contagem regressiva no partido j\u00e1 come\u00e7ou. H\u00e1, no entanto, uma discuss\u00e3o em torno do tom que dever\u00e1 ser usado pelo ex-presidente ap\u00f3s deixar a cadeia.<\/p>\n<p>&nbsp;<\/p>\n<p>Uma coisa \u00e9 certa, ressaltam aliados de Lula, ele vai criar muitos problemas para o governo, sobretudo ao adotar um discurso mais voltado para o social, sobretudo nas regi\u00f5es mais pobres do pa\u00eds, que sofrem mais com o desemprego.<\/p>\n<p>&nbsp;<\/p>\n<p>A piora dos indicadores sociais \u2014 o pa\u00eds ostenta hoje 13,5 milh\u00f5es de pessoas vivendo na extrema pobreza \u2014 alimenta o discurso de Lula contra o liberalismo do governo Bolsonaro. Resta saber se as pessoas que votaram em Bolsonaro em protesto ao PT retornar\u00e3o para os bra\u00e7os do ex-presidente.<\/p>\n<p>&nbsp;<\/p>\n<p>N\u00e3o \u00e9 segredo para ningu\u00e9m que muitos eleitores de Bolsonaro est\u00e3o arrependidos com a forma como ele vem conduzindo o governo, especialmente por priorizar os filhos em muitas decis\u00f5es.<\/p>\n<p>&nbsp;<\/p>\n<p>Em mais de 10 meses de governo, Bolsonaro n\u00e3o economizou na pol\u00eamicas. Inclusive, seu partido, o PSL, est\u00e1 \u00e0 beira da implos\u00e3o gra\u00e7as \u00e0 a\u00e7\u00e3o do presidente e dos filhos dele.<\/p>\n<p>&nbsp;<\/p>\n<p><em>Bras\u00edlia, 15h47min, atualizada \u00e0s 16h27min<\/em><\/p>\n","protected":false},"excerpt":{"rendered":"<p>Todas as aten\u00e7\u00f5es do Pal\u00e1cio do Planalto est\u00e3o voltadas para a soltura do ex-presidente Lula, com base em decis\u00e3o do Supremo Tribunal Federal (STF) de proibir a pris\u00e3o em segunda inst\u00e2ncia. &nbsp; Mesmo estando em Goi\u00e2nia, onde participa de cerim\u00f4nia para entrega de \u00f4nibus escolares, o presidente Jair Bolsonaro foi avisado de todos os passos [&hellip;]<\/p>\n","protected":false},"author":22,"featured_media":12154,"comment_status":"open","ping_status":"closed","sticky":false,"template":"","format":"standard","meta":{"footnotes":""},"categories":[600],"tags":[2554,23,351,4217,2646],"class_list":["post-12152","post","type-post","status-publish","format-standard","has-post-thumbnail","hentry","category-economia","tag-bolsonaro","tag-lula","tag-prisao","tag-soltura","tag-supremo"],"_links":{"self":[{"href":"https:\/\/blogs.correiobraziliense.com.br\/vicente\/wp-json\/wp\/v2\/posts\/12152","targetHints":{"allow":["GET"]}}],"collection":[{"href":"https:\/\/blogs.correiobraziliense.com.br\/vicente\/wp-json\/wp\/v2\/posts"}],"about":[{"href":"https:\/\/blogs.correiobraziliense.com.br\/vicente\/wp-json\/wp\/v2\/types\/post"}],"author":[{"embeddable":true,"href":"https:\/\/blogs.correiobraziliense.com.br\/vicente\/wp-json\/wp\/v2\/users\/22"}],"replies":[{"embeddable":true,"href":"https:\/\/blogs.correiobraziliense.com.br\/vicente\/wp-json\/wp\/v2\/comments?post=12152"}],"version-history":[{"count":12,"href":"https:\/\/blogs.correiobraziliense.com.br\/vicente\/wp-json\/wp\/v2\/posts\/12152\/revisions"}],"predecessor-version":[{"id":12165,"href":"https:\/\/blogs.correiobraziliense.com.br\/vicente\/wp-json\/wp\/v2\/posts\/12152\/revisions\/12165"}],"wp:featuredmedia":[{"embeddable":true,"href":"https:\/\/blogs.correiobraziliense.com.br\/vicente\/wp-json\/wp\/v2\/media\/12154"}],"wp:attachment":[{"href":"https:\/\/blogs.correiobraziliense.com.br\/vicente\/wp-json\/wp\/v2\/media?parent=12152"}],"wp:term":[{"taxonomy":"category","embeddable":true,"href":"https:\/\/blogs.correiobraziliense.com.br\/vicente\/wp-json\/wp\/v2\/categories?post=12152"},{"taxonomy":"post_tag","embeddable":true,"href":"https:\/\/blogs.correiobraziliense.com.br\/vicente\/wp-json\/wp\/v2\/tags?post=12152"}],"curies":[{"name":"wp","href":"https:\/\/api.w.org\/{rel}","templated":true}]}}