{"id":12084,"date":"2019-10-26T12:04:28","date_gmt":"2019-10-26T15:04:28","guid":{"rendered":"https:\/\/blogs.correiobraziliense.com.br\/vicente\/?p=12084"},"modified":"2019-10-26T14:23:22","modified_gmt":"2019-10-26T17:23:22","slug":"mesmo-distante-do-pais-bolsonaro-acompanha-negociacao-de-cargos-para-conter-crise-do-psl","status":"publish","type":"post","link":"https:\/\/blogs.correiobraziliense.com.br\/vicente\/mesmo-distante-do-pais-bolsonaro-acompanha-negociacao-de-cargos-para-conter-crise-do-psl\/","title":{"rendered":"Mesmo distante do pa\u00eds, Bolsonaro acompanha negocia\u00e7\u00e3o de cargos para conter crise do PSL"},"content":{"rendered":"<h2>Apesar de estar do outro lado do mundo, na sua mais longa viagem ao exterior, o presidente Jair Bolsonaro acompanha as negocia\u00e7\u00f5es de cargos feitas por seus auxiliares para tentar conter a crise no PSL, partido pelo qual se elegeu.<\/h2>\n<p>&nbsp;<\/p>\n<p>As a\u00e7\u00f5es do governo para atrair aliados passa pela substitui\u00e7\u00e3o de todos os indicados pelo presidente do PSL, Luciano Bivar. J\u00e1 foram defenestrados o secret\u00e1rio de Transportes Terrestres do Minist\u00e9rio de Infraestrutura, Jamil Meig J\u00fanior, e o secret\u00e1rio de Mobilidade do Minist\u00e9rio do Desenvolvimento Regional, Jos\u00e9 Lindoso de Albuquerque Filho.<\/p>\n<p>&nbsp;<\/p>\n<p>A estrat\u00e9gia do governo consiste em entregar todos os cargos de segundo e terceiro escal\u00f5es para parlamentares que garantirem apoio aos projetos do governo no Congresso e, claro, inviabilizarem quaisquer problemas que possam advir da CPI da Fake News.<\/p>\n<p>&nbsp;<\/p>\n<p>O Pal\u00e1cio do Planalto, por sinal, est\u00e1 acelerando o passo nas negocia\u00e7\u00f5es por cargos. H\u00e1 muita gente no Congresso cobrando pelo apoio dado \u00e0 aprova\u00e7\u00e3o da reforma da Previd\u00eancia, uma vit\u00f3ria estrondosa para o governo.<\/p>\n<p>&nbsp;<\/p>\n<p><strong>Fim da estabilidade<\/strong><\/p>\n<p>&nbsp;<\/p>\n<p>N\u00e3o s\u00e3o apenas as negocia\u00e7\u00f5es para conter a crise provocada pelo PSL que tomam a aten\u00e7\u00e3o de Bolsonaro. Nos \u00faltimos dias, ele falou v\u00e1rias vezes por telefone com o ministro da Economia, Paulo Guedes, para acertar todos os ponteiros em rela\u00e7\u00e3o ao projeto de reforma administrativa.<\/p>\n<p>&nbsp;<\/p>\n<p>Bolsonaro quer que ele e Guedes difundam o discurso de que o fim da estabilidade no servi\u00e7o p\u00fablico s\u00f3 valer\u00e1 para os futuros servidores. A ordem do presidente \u00e9 para frisar que a estabilidade est\u00e1 garantida aos servidores que j\u00e1 est\u00e3o nos respectivos cargos.<\/p>\n<p>&nbsp;<\/p>\n<p>Outro ponto tratado por Bolsonaro e Guedes: a garantia de que o sal\u00e1rio m\u00ednimo continuar\u00e1 sendo corrigido anualmente pela infla\u00e7\u00e3o. Se depender da equipe econ\u00f4mica, o piso salarial j\u00e1 teria perdido a corre\u00e7\u00e3o. O presidente n\u00e3o quer que se fale mais deste assunto.<\/p>\n<p>&nbsp;<\/p>\n<p><em>Bras\u00edlia, 12h04min<\/em><\/p>\n","protected":false},"excerpt":{"rendered":"<p>Apesar de estar do outro lado do mundo, na sua mais longa viagem ao exterior, o presidente Jair Bolsonaro acompanha as negocia\u00e7\u00f5es de cargos feitas por seus auxiliares para tentar conter a crise no PSL, partido pelo qual se elegeu. &nbsp; As a\u00e7\u00f5es do governo para atrair aliados passa pela substitui\u00e7\u00e3o de todos os indicados [&hellip;]<\/p>\n","protected":false},"author":22,"featured_media":10489,"comment_status":"open","ping_status":"closed","sticky":false,"template":"","format":"standard","meta":{"footnotes":""},"categories":[600],"tags":[2554,2420,179,4192,2884,3596],"class_list":["post-12084","post","type-post","status-publish","format-standard","has-post-thumbnail","hentry","category-economia","tag-bolsonaro","tag-cargos","tag-crise","tag-luciano-bivar","tag-negociacoes","tag-psl"],"_links":{"self":[{"href":"https:\/\/blogs.correiobraziliense.com.br\/vicente\/wp-json\/wp\/v2\/posts\/12084","targetHints":{"allow":["GET"]}}],"collection":[{"href":"https:\/\/blogs.correiobraziliense.com.br\/vicente\/wp-json\/wp\/v2\/posts"}],"about":[{"href":"https:\/\/blogs.correiobraziliense.com.br\/vicente\/wp-json\/wp\/v2\/types\/post"}],"author":[{"embeddable":true,"href":"https:\/\/blogs.correiobraziliense.com.br\/vicente\/wp-json\/wp\/v2\/users\/22"}],"replies":[{"embeddable":true,"href":"https:\/\/blogs.correiobraziliense.com.br\/vicente\/wp-json\/wp\/v2\/comments?post=12084"}],"version-history":[{"count":1,"href":"https:\/\/blogs.correiobraziliense.com.br\/vicente\/wp-json\/wp\/v2\/posts\/12084\/revisions"}],"predecessor-version":[{"id":12085,"href":"https:\/\/blogs.correiobraziliense.com.br\/vicente\/wp-json\/wp\/v2\/posts\/12084\/revisions\/12085"}],"wp:featuredmedia":[{"embeddable":true,"href":"https:\/\/blogs.correiobraziliense.com.br\/vicente\/wp-json\/wp\/v2\/media\/10489"}],"wp:attachment":[{"href":"https:\/\/blogs.correiobraziliense.com.br\/vicente\/wp-json\/wp\/v2\/media?parent=12084"}],"wp:term":[{"taxonomy":"category","embeddable":true,"href":"https:\/\/blogs.correiobraziliense.com.br\/vicente\/wp-json\/wp\/v2\/categories?post=12084"},{"taxonomy":"post_tag","embeddable":true,"href":"https:\/\/blogs.correiobraziliense.com.br\/vicente\/wp-json\/wp\/v2\/tags?post=12084"}],"curies":[{"name":"wp","href":"https:\/\/api.w.org\/{rel}","templated":true}]}}