{"id":12074,"date":"2019-10-25T07:09:53","date_gmt":"2019-10-25T10:09:53","guid":{"rendered":"https:\/\/blogs.correiobraziliense.com.br\/vicente\/?p=12074"},"modified":"2019-10-25T12:31:10","modified_gmt":"2019-10-25T15:31:10","slug":"servidores-podem-espernear-mas-nao-terao-reajuste-em-2020-diz-governo","status":"publish","type":"post","link":"https:\/\/blogs.correiobraziliense.com.br\/vicente\/servidores-podem-espernear-mas-nao-terao-reajuste-em-2020-diz-governo\/","title":{"rendered":"Servidores podem espernear, mas n\u00e3o ter\u00e3o reajuste em 2020, diz governo"},"content":{"rendered":"<h2>A equipe econ\u00f4mica est\u00e1 disposta a comprar todas as brigas poss\u00edveis com os servidores p\u00fablicos. T\u00e9cnicos que administram o Or\u00e7amento da Uni\u00e3o afirmam que os servidores podem espernear, mas n\u00e3o ter\u00e3o reajustes em 2020.<\/h2>\n<p>&nbsp;<\/p>\n<p>Segundo os mesmos t\u00e9cnicos, tamb\u00e9m ser\u00e3o contidas todas as progress\u00f5es de carreiras. Ou seja, aqueles que est\u00e3o esperando alguma promo\u00e7\u00e3o devem colocar as barbas de molho. N\u00e3o h\u00e1 dinheiro para isso.<\/p>\n<p>&nbsp;<\/p>\n<p>A determina\u00e7\u00e3o da pol\u00edtica econ\u00f4mica \u00e9 a seguinte: qualquer dinheiro extra que entrar no caixa ser\u00e1 para bancar despesas b\u00e1sicas da m\u00e1quina. O governo n\u00e3o quer ficar com a faca no pesco\u00e7o, diante da possibilidade de suspender servi\u00e7os \u00e0 popula\u00e7\u00e3o.<\/p>\n<p>&nbsp;<\/p>\n<p>Para evitar a paralisia, o governo conta com os R$ 6,1 bilh\u00f5es do fim da multa adicional de 10% do FGTS, que o governo propor\u00e1 ao Congresso. Essa multa adicional entra no Or\u00e7amento como despesa, o dinheiro entra nos cofres do Tesouro, mas \u00e9 repassado \u00e0 Caixa Econ\u00f4mica Federal.<\/p>\n<p>&nbsp;<\/p>\n<p>O governo tamb\u00e9m est\u00e1 contando com um aumento das receitas com impostos, j\u00e1 que a atividade mostra sinais leves, mas consistentes, de recupera\u00e7\u00e3o.<\/p>\n<p>&nbsp;<\/p>\n<p><strong>Briga boa<\/strong><\/p>\n<p>&nbsp;<\/p>\n<p>Na avalia\u00e7\u00e3o do ministro da Economia, Paulo Guedes, n\u00e3o h\u00e1 mais como atender a pedidos de reajustes de servidores, que j\u00e1 tiveram aumentos expressivos nos \u00faltimos quatro anos. Agora, acredita o ministro, o funcionalismo deve se conscientizar sobre o momento cr\u00edtico das finan\u00e7as do pa\u00eds.<\/p>\n<p>&nbsp;<\/p>\n<p>Com as novas previs\u00f5es de receitas e os rearranjos no Or\u00e7amento, o Minist\u00e9rio da Economia pretende elevar os gastos com a m\u00e1quina p\u00fablica de R$ 89,2 bilh\u00f5es, como previsto na proposta de Or\u00e7amento de 2020, para algo como R$ 100 bilh\u00f5es.<\/p>\n<p>&nbsp;<\/p>\n<p>Guedes, por sinal, quer a todo custo fazer a reforma administrativa, que resultar\u00e1 em perdas de muitos benef\u00edcios pelos servidores. Essa briga, por\u00e9m, ser\u00e1 pesada, uma vez que o funcionalismo federal j\u00e1 se organizou no Congresso e tem uma frente de pelo menos 235 parlamentares.<\/p>\n<p>&nbsp;<\/p>\n<p><em>Bras\u00edlia, 07h09min<\/em><\/p>\n","protected":false},"excerpt":{"rendered":"<p>A equipe econ\u00f4mica est\u00e1 disposta a comprar todas as brigas poss\u00edveis com os servidores p\u00fablicos. T\u00e9cnicos que administram o Or\u00e7amento da Uni\u00e3o afirmam que os servidores podem espernear, mas n\u00e3o ter\u00e3o reajustes em 2020. &nbsp; Segundo os mesmos t\u00e9cnicos, tamb\u00e9m ser\u00e3o contidas todas as progress\u00f5es de carreiras. Ou seja, aqueles que est\u00e3o esperando alguma promo\u00e7\u00e3o [&hellip;]<\/p>\n","protected":false},"author":22,"featured_media":10371,"comment_status":"open","ping_status":"closed","sticky":false,"template":"","format":"standard","meta":{"footnotes":""},"categories":[600],"tags":[3613,124,122,123],"class_list":["post-12074","post","type-post","status-publish","format-standard","has-post-thumbnail","hentry","category-economia","tag-paulo-guedes","tag-reajustes","tag-salarios","tag-servidores"],"_links":{"self":[{"href":"https:\/\/blogs.correiobraziliense.com.br\/vicente\/wp-json\/wp\/v2\/posts\/12074","targetHints":{"allow":["GET"]}}],"collection":[{"href":"https:\/\/blogs.correiobraziliense.com.br\/vicente\/wp-json\/wp\/v2\/posts"}],"about":[{"href":"https:\/\/blogs.correiobraziliense.com.br\/vicente\/wp-json\/wp\/v2\/types\/post"}],"author":[{"embeddable":true,"href":"https:\/\/blogs.correiobraziliense.com.br\/vicente\/wp-json\/wp\/v2\/users\/22"}],"replies":[{"embeddable":true,"href":"https:\/\/blogs.correiobraziliense.com.br\/vicente\/wp-json\/wp\/v2\/comments?post=12074"}],"version-history":[{"count":1,"href":"https:\/\/blogs.correiobraziliense.com.br\/vicente\/wp-json\/wp\/v2\/posts\/12074\/revisions"}],"predecessor-version":[{"id":12075,"href":"https:\/\/blogs.correiobraziliense.com.br\/vicente\/wp-json\/wp\/v2\/posts\/12074\/revisions\/12075"}],"wp:featuredmedia":[{"embeddable":true,"href":"https:\/\/blogs.correiobraziliense.com.br\/vicente\/wp-json\/wp\/v2\/media\/10371"}],"wp:attachment":[{"href":"https:\/\/blogs.correiobraziliense.com.br\/vicente\/wp-json\/wp\/v2\/media?parent=12074"}],"wp:term":[{"taxonomy":"category","embeddable":true,"href":"https:\/\/blogs.correiobraziliense.com.br\/vicente\/wp-json\/wp\/v2\/categories?post=12074"},{"taxonomy":"post_tag","embeddable":true,"href":"https:\/\/blogs.correiobraziliense.com.br\/vicente\/wp-json\/wp\/v2\/tags?post=12074"}],"curies":[{"name":"wp","href":"https:\/\/api.w.org\/{rel}","templated":true}]}}