{"id":12068,"date":"2019-10-24T15:23:25","date_gmt":"2019-10-24T18:23:25","guid":{"rendered":"https:\/\/blogs.correiobraziliense.com.br\/vicente\/?p=12068"},"modified":"2019-10-24T15:23:25","modified_gmt":"2019-10-24T18:23:25","slug":"expectativa-grande-com-vinda-de-tecnicos-da-ocde-ao-brasil","status":"publish","type":"post","link":"https:\/\/blogs.correiobraziliense.com.br\/vicente\/expectativa-grande-com-vinda-de-tecnicos-da-ocde-ao-brasil\/","title":{"rendered":"Expectativa grande com vinda de t\u00e9cnicos da OCDE ao Brasil"},"content":{"rendered":"<h2><span style=\"font-weight: 400\">ROSANA HESSEL<\/span><\/h2>\n<h2><\/h2>\n<h2><span style=\"font-weight: 400\">A partir de novembro, v\u00e1rios t\u00e9cnicos da Organiza\u00e7\u00e3o para Coopera\u00e7\u00e3o e Desenvolvimento Econ\u00f4mico (OCDE) estar\u00e3o a caminho do Brasil para levantamentos de dados dos relat\u00f3rios anuais. Uma das miss\u00f5es confirmadas para o m\u00eas que vem \u00e9 a que trabalha no combate \u00e0 corrup\u00e7\u00e3o, uma vez que a\u00a0<\/span><span style=\"font-weight: 400\">entidade tem demonstrado preocupa\u00e7\u00e3o com a piora do pa\u00eds nesse tema.\u00a0<\/span><span style=\"font-weight: 400\">As datas ainda n\u00e3o foram definidas, segundo a assessoria do \u00f3rg\u00e3o, mas a expectativa \u00e9 grande dentro e fora do governo com a visita.\u00a0<\/span><\/h2>\n<h2><\/h2>\n<p><span style=\"font-weight: 400\">\u201cTemos muitas pessoas trabalhando nas miss\u00f5es ao Brasil. Estamos, por exemplo, negociando nas pr\u00f3ximas semanas ou meses como parte de pesquisas e reuni\u00f5es para o futuro da economia brasileira, sobre o progresso do pa\u00eds na transforma\u00e7\u00e3o digital e no setor de telecomunica\u00e7\u00f5es e transmiss\u00f5es\u201d, destacou a nota da OCDE.\u00a0<\/span><\/p>\n<p>&nbsp;<\/p>\n<p><span style=\"font-weight: 400\">O processo de ades\u00e3o do Brasil na OCDE, iniciado em 2017, promete ser longo, uma vez que redu\u00e7\u00e3o da corrup\u00e7\u00e3o \u00e9 uma das medidas que o Brasil precisa cumprir para ser aceito como membro da organiza\u00e7\u00e3o composta atualmente por 36 pa\u00edses, e est\u00e1 andando para tr\u00e1s. <\/span><\/p>\n<p>&nbsp;<\/p>\n<p><span style=\"font-weight: 400\">Os Estados Unidos, por exemplo, n\u00e3o inclu\u00edram o pa\u00eds na lista apoiada pela Casa Branca neste ano, mas demonstraram apoio ao Brasil no processo de ades\u00e3o. Apenas Argentina, que passa por uma crise financeira grave, e Rom\u00eania, foram indicados pelos norte-americanos, para a frustra\u00e7\u00e3o da equipe econ\u00f4mica liderada pelo ministro Paulo Guedes, que esperava &#8220;furar a fila&#8221;.\u00a0<\/span><span style=\"font-weight: 400\">No momento, existem seis pa\u00edses em processo de ades\u00e3o da entidade considerada o clube dos pa\u00edses ricos.\u00a0 Para receber o apoio dos EUA, o governo brasileiro concordou em abrir m\u00e3o do status especial de pa\u00eds em desenvolvimento na Organiza\u00e7\u00e3o Mundial de Com\u00e9rcio (OMC), exig\u00eancia que Washington n\u00e3o imp\u00f4s a outros emergentes, como M\u00e9xico.<\/span><\/p>\n<p>&nbsp;<\/p>\n<p><span style=\"font-weight: 400\">O cientista pol\u00edtico norte-americano David Fleischer, professor em\u00e9rito da Universidade de Bras\u00edlia (UnB), tamb\u00e9m demonstra preocupa\u00e7\u00e3o com o que os t\u00e9cnicos da OCDE v\u00e3o encontrar quando chegarem. Para ele, haver\u00e1 um retrocesso no combate \u00e0 corrup\u00e7\u00e3o com a Lei do Abuso de Autoridade e a decis\u00e3o do presidente do Supremo Tribunal Federal (STF), ministro Antonio Dias Toffoli, interromper as investiga\u00e7\u00f5es e processos criminais com base em informa\u00e7\u00f5es do Conselho de Controle de Atividades Financeiras (Coaf) sem autoriza\u00e7\u00e3o judicial. <\/span><\/p>\n<p>&nbsp;<\/p>\n<p><span style=\"font-weight: 400\">\u201cA lei do abuso n\u00e3o deixa mais ningu\u00e9m investigar nada\u201d, criticou o acad\u00eamico, lembrando que a imagem do pa\u00eds l\u00e1 fora tem piorado com o novo governo, principalmente, devido ao \u201csucateamento\u201d do Minist\u00e9rio das Rela\u00e7\u00f5es Exteriores, comando por Ernesto Ara\u00fajo. \u201cO servi\u00e7o diplom\u00e1tico foi sucateado duramente e isso tem piorado a imagem do pa\u00eds l\u00e1 fora. Antigamente, os outros pa\u00edses elogiavam a compet\u00eancia dos representantes nas articula\u00e7\u00f5es nas embaixadas e nos \u00f3rg\u00e3os internacionais, como ONU (Organiza\u00e7\u00e3o das Na\u00e7\u00f5es Unidas) e OEA (Organiza\u00e7\u00e3o dos Estados Americanos)\u201d, lamentou Fleischer.<\/span><\/p>\n<p>&nbsp;<\/p>\n<p><span style=\"font-weight: 400\">Aproveitando a vinda dos t\u00e9cnicos da OCDE, Comiss\u00e3o de Rela\u00e7\u00f5es Exteriores (CRE) aprovou um requerimento do senador Marcos do Val (Podemos-ES) para que o colegiado receba os representantes da OCDE em audi\u00eancia p\u00fablica. \u201cA comiss\u00e3o da OCDE sugere que a capacidade de investiga\u00e7\u00e3o nos casos referidos est\u00e1 seriamente amea\u00e7ada. O atual governo elegeu-se prometendo combater a corrup\u00e7\u00e3o. Retrocesso nesta \u00e1rea ser\u00e1 comprometedor tanto interna quanto externamente\u201d, destacou o senador, conforme informa\u00e7\u00f5es da Ag\u00eancia Senado nesta quarta-feira (24\/10). <\/span><\/p>\n<p>&nbsp;<\/p>\n<p><span style=\"font-weight: 400\">Vale lembrar que, recentemente, a Transpar\u00eancia Internacional no Brasil divulgou um estudo apontando aumento na percep\u00e7\u00e3o de que o combate \u00e0 corrup\u00e7\u00e3o no pa\u00eds est\u00e1 diminuindo, corroborando com o aumento das preocupa\u00e7\u00f5es da OCDE.<\/span><\/p>\n","protected":false},"excerpt":{"rendered":"<p>ROSANA HESSEL A partir de novembro, v\u00e1rios t\u00e9cnicos da Organiza\u00e7\u00e3o para Coopera\u00e7\u00e3o e Desenvolvimento Econ\u00f4mico (OCDE) estar\u00e3o a caminho do Brasil para levantamentos de dados dos relat\u00f3rios anuais. Uma das miss\u00f5es confirmadas para o m\u00eas que vem \u00e9 a que trabalha no combate \u00e0 corrup\u00e7\u00e3o, uma vez que a\u00a0entidade tem demonstrado preocupa\u00e7\u00e3o com a piora [&hellip;]<\/p>\n","protected":false},"author":22,"featured_media":0,"comment_status":"open","ping_status":"closed","sticky":false,"template":"","format":"standard","meta":{"footnotes":""},"categories":[600],"tags":[255,2240],"class_list":["post-12068","post","type-post","status-publish","format-standard","hentry","category-economia","tag-corrupcao","tag-ocde"],"_links":{"self":[{"href":"https:\/\/blogs.correiobraziliense.com.br\/vicente\/wp-json\/wp\/v2\/posts\/12068","targetHints":{"allow":["GET"]}}],"collection":[{"href":"https:\/\/blogs.correiobraziliense.com.br\/vicente\/wp-json\/wp\/v2\/posts"}],"about":[{"href":"https:\/\/blogs.correiobraziliense.com.br\/vicente\/wp-json\/wp\/v2\/types\/post"}],"author":[{"embeddable":true,"href":"https:\/\/blogs.correiobraziliense.com.br\/vicente\/wp-json\/wp\/v2\/users\/22"}],"replies":[{"embeddable":true,"href":"https:\/\/blogs.correiobraziliense.com.br\/vicente\/wp-json\/wp\/v2\/comments?post=12068"}],"version-history":[{"count":1,"href":"https:\/\/blogs.correiobraziliense.com.br\/vicente\/wp-json\/wp\/v2\/posts\/12068\/revisions"}],"predecessor-version":[{"id":12069,"href":"https:\/\/blogs.correiobraziliense.com.br\/vicente\/wp-json\/wp\/v2\/posts\/12068\/revisions\/12069"}],"wp:attachment":[{"href":"https:\/\/blogs.correiobraziliense.com.br\/vicente\/wp-json\/wp\/v2\/media?parent=12068"}],"wp:term":[{"taxonomy":"category","embeddable":true,"href":"https:\/\/blogs.correiobraziliense.com.br\/vicente\/wp-json\/wp\/v2\/categories?post=12068"},{"taxonomy":"post_tag","embeddable":true,"href":"https:\/\/blogs.correiobraziliense.com.br\/vicente\/wp-json\/wp\/v2\/tags?post=12068"}],"curies":[{"name":"wp","href":"https:\/\/api.w.org\/{rel}","templated":true}]}}