{"id":12063,"date":"2019-10-22T18:09:48","date_gmt":"2019-10-22T21:09:48","guid":{"rendered":"https:\/\/blogs.correiobraziliense.com.br\/vicente\/?p=12063"},"modified":"2019-10-22T19:42:57","modified_gmt":"2019-10-22T22:42:57","slug":"cassi-do-banco-do-brasil-precisa-de-r-14-bi-para-nao-quebrar","status":"publish","type":"post","link":"https:\/\/blogs.correiobraziliense.com.br\/vicente\/cassi-do-banco-do-brasil-precisa-de-r-14-bi-para-nao-quebrar\/","title":{"rendered":"Cassi, do Banco do Brasil, precisa de R$ 1,4 bi para n\u00e3o quebrar"},"content":{"rendered":"<h2>A Cassi, Caixa de Assist\u00eancia que administra os planos de sa\u00fade dos funcion\u00e1rios do Banco do Brasil, precisa de R$ 1,4 bilh\u00e3o at\u00e9 o in\u00edcio de 2020 para formar a reserva de seguran\u00e7a exigida pela Ag\u00eancia Nacional de Sa\u00fade Suplementar (ANS).<\/h2>\n<p>&nbsp;<\/p>\n<p>Desse montante, a Cassi disp\u00f5e de aproximadamente R$ 500 milh\u00f5es. Mas enfrenta dificuldades para convencer sua patrocinadora, o Banco do Brasil, e seus associados a dividirem a fatura para n\u00e3o quebrar. A Cassi j\u00e1 est\u00e1 sob dire\u00e7\u00e3o fiscal da ANS, devido sua delicada situa\u00e7\u00e3o financeira.<\/p>\n<p>&nbsp;<\/p>\n<p>Sem as reservas exigidas pela ANS, a decis\u00e3o do \u00f3rg\u00e3o regulador pode ser dram\u00e1tica. O problema \u00e9 que nem o Banco do Brasil nem os associados ao plano querem abrir o bolso para compor as reservas de R$ 1,4 bilh\u00e3o.<\/p>\n<p>&nbsp;<\/p>\n<p>Para aumentar as contribui\u00e7\u00f5es dos associados a fim de refor\u00e7ar as reservas da Cassi, dois ter\u00e7os dos associados t\u00eam que votarem a favor da medida. O BB, por sua vez, sofre com as limita\u00e7\u00f5es impostas pelo governo para contribuir com os planos de sa\u00fade de seus empregados.<\/p>\n<p>&nbsp;<\/p>\n<p><strong>Flexibiliza\u00e7\u00e3o<\/strong><\/p>\n<p>&nbsp;<\/p>\n<p>Quem acompanha de perto a situa\u00e7\u00e3o da Cassi garante que ainda h\u00e1 solu\u00e7\u00e3o. A operadora atende mais de 670 mil pessoas. Em 2018, registrou rombo de R$ 377,7 milh\u00f5es, depois de um deficit de R$ 206 milh\u00f5es em 2017 . Nos primeiros seis meses deste ano, o resultado foi positivo em cerca de R$ 80 milh\u00f5es.<\/p>\n<p>&nbsp;<\/p>\n<p>Na avalia\u00e7\u00e3o de Anderson Mendes, presidente da Unidas, associa\u00e7\u00e3o que re\u00fane as operadoras de autogest\u00e3o, como a Cassi, a exig\u00eancia de reservas t\u00e3o altas por parte da ANS n\u00e3o condiz com a atual realidade do mercado. N\u00e3o por acaso, as operadoras recorreram ao Congresso na tentativa de flexibilizar as regras dos planos de sa\u00fade.<\/p>\n<p>&nbsp;<\/p>\n<p>Mendes acredita que as regras que regem o mercado precisam passar por uma atualiza\u00e7\u00e3o, de forma a incluir mais gente no mercado e n\u00e3o afastar aqueles que desejam ter planos de sa\u00fade. Desde 2014, as operadoras perderam 3 milh\u00f5es de associados, a maior parte, no sistema de autogest\u00e3o.<\/p>\n<p>&nbsp;<\/p>\n<p><em>Bras\u00edlia, 18h09min<\/em><\/p>\n","protected":false},"excerpt":{"rendered":"<p>A Cassi, Caixa de Assist\u00eancia que administra os planos de sa\u00fade dos funcion\u00e1rios do Banco do Brasil, precisa de R$ 1,4 bilh\u00e3o at\u00e9 o in\u00edcio de 2020 para formar a reserva de seguran\u00e7a exigida pela Ag\u00eancia Nacional de Sa\u00fade Suplementar (ANS). &nbsp; Desse montante, a Cassi disp\u00f5e de aproximadamente R$ 500 milh\u00f5es. Mas enfrenta dificuldades [&hellip;]<\/p>\n","protected":false},"author":22,"featured_media":10185,"comment_status":"open","ping_status":"closed","sticky":false,"template":"","format":"standard","meta":{"footnotes":""},"categories":[600],"tags":[4185,711,1876,215,1127,945],"class_list":["post-12063","post","type-post","status-publish","format-standard","has-post-thumbnail","hentry","category-economia","tag-4-bilhao","tag-ans","tag-cassi","tag-planos-de-saude","tag-r-1","tag-reserva"],"_links":{"self":[{"href":"https:\/\/blogs.correiobraziliense.com.br\/vicente\/wp-json\/wp\/v2\/posts\/12063","targetHints":{"allow":["GET"]}}],"collection":[{"href":"https:\/\/blogs.correiobraziliense.com.br\/vicente\/wp-json\/wp\/v2\/posts"}],"about":[{"href":"https:\/\/blogs.correiobraziliense.com.br\/vicente\/wp-json\/wp\/v2\/types\/post"}],"author":[{"embeddable":true,"href":"https:\/\/blogs.correiobraziliense.com.br\/vicente\/wp-json\/wp\/v2\/users\/22"}],"replies":[{"embeddable":true,"href":"https:\/\/blogs.correiobraziliense.com.br\/vicente\/wp-json\/wp\/v2\/comments?post=12063"}],"version-history":[{"count":1,"href":"https:\/\/blogs.correiobraziliense.com.br\/vicente\/wp-json\/wp\/v2\/posts\/12063\/revisions"}],"predecessor-version":[{"id":12064,"href":"https:\/\/blogs.correiobraziliense.com.br\/vicente\/wp-json\/wp\/v2\/posts\/12063\/revisions\/12064"}],"wp:featuredmedia":[{"embeddable":true,"href":"https:\/\/blogs.correiobraziliense.com.br\/vicente\/wp-json\/wp\/v2\/media\/10185"}],"wp:attachment":[{"href":"https:\/\/blogs.correiobraziliense.com.br\/vicente\/wp-json\/wp\/v2\/media?parent=12063"}],"wp:term":[{"taxonomy":"category","embeddable":true,"href":"https:\/\/blogs.correiobraziliense.com.br\/vicente\/wp-json\/wp\/v2\/categories?post=12063"},{"taxonomy":"post_tag","embeddable":true,"href":"https:\/\/blogs.correiobraziliense.com.br\/vicente\/wp-json\/wp\/v2\/tags?post=12063"}],"curies":[{"name":"wp","href":"https:\/\/api.w.org\/{rel}","templated":true}]}}