{"id":12061,"date":"2019-10-22T14:30:01","date_gmt":"2019-10-22T17:30:01","guid":{"rendered":"https:\/\/blogs.correiobraziliense.com.br\/vicente\/?p=12061"},"modified":"2019-10-22T16:29:55","modified_gmt":"2019-10-22T19:29:55","slug":"quero-botar-a-policia-dentro-da-unb-diz-ministro-a-reitora","status":"publish","type":"post","link":"https:\/\/blogs.correiobraziliense.com.br\/vicente\/quero-botar-a-policia-dentro-da-unb-diz-ministro-a-reitora\/","title":{"rendered":"&#8220;Quero botar a pol\u00edcia dentro da UnB&#8221;, diz ministro \u00e0 reitora"},"content":{"rendered":"<h2>N\u00e3o tem sido f\u00e1cil a conviv\u00eancia entre a reitora da Universidade de Bras\u00edlia, M\u00e1rcia Abrah\u00e3o, e o ministro da Educa\u00e7\u00e3o, Abraham Weintraub.<\/h2>\n<p>&nbsp;<\/p>\n<p>Em um dos encontros entre os dois, o ministro encarou M\u00e1rcia e foi enf\u00e1tico: &#8220;Quero botar a pol\u00edcia dentro da UnB&#8221;. A frase foi repetida em tom forte algumas outras vezes.<\/p>\n<p>&nbsp;<\/p>\n<p>Na avalia\u00e7\u00e3o do ministro, a bagun\u00e7a corre solta dentro da Universidade de Bras\u00edlia. Portanto, segundo ele, o \u00fanico jeito de conter &#8220;a farra&#8221; dos estudantes \u00e9 substituir os vigilantes contratados por policiais militares.<\/p>\n<p>&nbsp;<\/p>\n<p>Weintraub insiste que a UnB e as universidades federais est\u00e3o infestadas de maconheiros e comunistas. Para ele, \u00e9 preciso conter essas amea\u00e7as.<\/p>\n<p>&nbsp;<\/p>\n<p>A forma enf\u00e1tica com que o ministro se dirigiu \u00e0 reitora da UnB teve como testemunha o deputado professor Israel Batista (PV-DF). Ele diz ter ficado impressionado com o tom usado por Weintraub.<\/p>\n<p>&nbsp;<\/p>\n<p>Apesar da disposi\u00e7\u00e3o do ministro em colocar policiais dentro da UnB, a posi\u00e7\u00e3o da reitora tem prevalecido.<\/p>\n<p>&nbsp;<\/p>\n<p><em>Bras\u00edlia, 14h30min<\/em><\/p>\n","protected":false},"excerpt":{"rendered":"<p>N\u00e3o tem sido f\u00e1cil a conviv\u00eancia entre a reitora da Universidade de Bras\u00edlia, M\u00e1rcia Abrah\u00e3o, e o ministro da Educa\u00e7\u00e3o, Abraham Weintraub. &nbsp; Em um dos encontros entre os dois, o ministro encarou M\u00e1rcia e foi enf\u00e1tico: &#8220;Quero botar a pol\u00edcia dentro da UnB&#8221;. A frase foi repetida em tom forte algumas outras vezes. &nbsp; [&hellip;]<\/p>\n","protected":false},"author":22,"featured_media":11101,"comment_status":"open","ping_status":"closed","sticky":false,"template":"","format":"standard","meta":{"footnotes":""},"categories":[600],"tags":[2238,4183,914,2498,4184,174],"class_list":["post-12061","post","type-post","status-publish","format-standard","has-post-thumbnail","hentry","category-economia","tag-educacao","tag-marcia","tag-ministro","tag-policia","tag-reitora","tag-unb"],"_links":{"self":[{"href":"https:\/\/blogs.correiobraziliense.com.br\/vicente\/wp-json\/wp\/v2\/posts\/12061","targetHints":{"allow":["GET"]}}],"collection":[{"href":"https:\/\/blogs.correiobraziliense.com.br\/vicente\/wp-json\/wp\/v2\/posts"}],"about":[{"href":"https:\/\/blogs.correiobraziliense.com.br\/vicente\/wp-json\/wp\/v2\/types\/post"}],"author":[{"embeddable":true,"href":"https:\/\/blogs.correiobraziliense.com.br\/vicente\/wp-json\/wp\/v2\/users\/22"}],"replies":[{"embeddable":true,"href":"https:\/\/blogs.correiobraziliense.com.br\/vicente\/wp-json\/wp\/v2\/comments?post=12061"}],"version-history":[{"count":1,"href":"https:\/\/blogs.correiobraziliense.com.br\/vicente\/wp-json\/wp\/v2\/posts\/12061\/revisions"}],"predecessor-version":[{"id":12062,"href":"https:\/\/blogs.correiobraziliense.com.br\/vicente\/wp-json\/wp\/v2\/posts\/12061\/revisions\/12062"}],"wp:featuredmedia":[{"embeddable":true,"href":"https:\/\/blogs.correiobraziliense.com.br\/vicente\/wp-json\/wp\/v2\/media\/11101"}],"wp:attachment":[{"href":"https:\/\/blogs.correiobraziliense.com.br\/vicente\/wp-json\/wp\/v2\/media?parent=12061"}],"wp:term":[{"taxonomy":"category","embeddable":true,"href":"https:\/\/blogs.correiobraziliense.com.br\/vicente\/wp-json\/wp\/v2\/categories?post=12061"},{"taxonomy":"post_tag","embeddable":true,"href":"https:\/\/blogs.correiobraziliense.com.br\/vicente\/wp-json\/wp\/v2\/tags?post=12061"}],"curies":[{"name":"wp","href":"https:\/\/api.w.org\/{rel}","templated":true}]}}