{"id":12053,"date":"2019-10-22T12:25:14","date_gmt":"2019-10-22T15:25:14","guid":{"rendered":"https:\/\/blogs.correiobraziliense.com.br\/vicente\/?p=12053"},"modified":"2019-10-22T12:36:02","modified_gmt":"2019-10-22T15:36:02","slug":"bolsa-renova-a-maxima-com-aprovacao-de-pec-da-previdencia","status":"publish","type":"post","link":"https:\/\/blogs.correiobraziliense.com.br\/vicente\/bolsa-renova-a-maxima-com-aprovacao-de-pec-da-previdencia\/","title":{"rendered":"Bolsa renova a m\u00e1xima com aprova\u00e7\u00e3o de PEC da Previd\u00eancia"},"content":{"rendered":"<h2>ROSANA HESSEL<\/h2>\n<h2><\/h2>\n<h2>A aprova\u00e7\u00e3o r\u00e1pida como o esperado por parlamentares da Proposta de Emenda \u00e0 Constitui\u00e7\u00e3o (PEC) n\u00ba 6, de 2019, que trata da reforma da Previd\u00eancia, na Comiss\u00e3o de Constitui\u00e7\u00e3o e Justi\u00e7a (CCJ) do Senado, animou o mercado nesta ter\u00e7a-feira (22\/10). A Bolsa de Valores de S\u00e3o Paulo (B3) renovou a m\u00e1xima hist\u00f3rica, encostando em 107 mil pontos.<\/h2>\n<p>&nbsp;<\/p>\n<p>A B3 registrava alta de 0,73% logo ap\u00f3s o resultado da vota\u00e7\u00e3o no segundo turno da CCJ, chegando a 106.798 pontos. Segundo dados da B3, o recorde anterior era de 105.817 pontos, registrado em 10 de julho de 2019. O d\u00f3lar registrava queda de 1,2%, cotado a R$ 4,08.<\/p>\n<p>&nbsp;<\/p>\n<p>A vota\u00e7\u00e3o foi simb\u00f3lica e o impacto fiscal do resultado do primeiro turno no Senado, em torno de R$ 800 bilh\u00f5es em 10 anos, foi mantido no texto base nessa segunda rodada para a aprecia\u00e7\u00e3o da mat\u00e9ria. A proposta vai para o plen\u00e1rio da Casa e ser\u00e1 votada a partir das 14h. S\u00e3o necess\u00e1rios, pelo menos, 49 votos dos 81 senadores para que a mat\u00e9ria seja aprovada. O governo espera chegar a 58 ou 59 votos favor\u00e1veis.<\/p>\n<p>&nbsp;<\/p>\n<p>&#8220;O otimismo com a aprova\u00e7\u00e3o da reforma aumentou e fez o real ser a moeda com a melhor performance no mundo&#8221;, destacou o diretor da Mirae Asset, Pablo Spyer. Ele lembrou que, pela primeira vez, os investidores brasileiros estavam mais otimistas do que os estrangeiros em rela\u00e7\u00e3o \u00e0 aprova\u00e7\u00e3o da PEC da Previd\u00eancia. &#8220;Vamos ver se agora eles voltam&#8221;, brincou. No acumulado do ano at\u00e9 a semana passada, quase US$ 20 bilh\u00f5es deixaram o pa\u00eds devido \u00e0 desconfian\u00e7a dos investidores estrangeiros no pa\u00eds, conforme dados do Banco Central.<\/p>\n<p>&nbsp;<\/p>\n<p>Amanh\u00e3, na CCJ, est\u00e1 prevista a leitura do relat\u00f3rio da PEC paralela, que inclui os estados na reforma previdenci\u00e1ria. O relat\u00f3rio \u00e9 do senador Tasso Jereissati (PSDB-CE). Segundo a senadora Simone Tebet (MDB-MS), presidente da Comiss\u00e3o, a expectativa \u00e9 que, ap\u00f3s um pedido de vista coletivo de uma semana para a inclus\u00e3o de emendas ser\u00e1 poss\u00edvel apreciar a mat\u00e9ria no dia 5 de novembro. &#8220;Com acordo, acredito ser poss\u00edvel fechar essa quest\u00e3o j\u00e1 na primeira quinzena de novembro&#8221;, garantiu.<\/p>\n","protected":false},"excerpt":{"rendered":"<p>ROSANA HESSEL A aprova\u00e7\u00e3o r\u00e1pida como o esperado por parlamentares da Proposta de Emenda \u00e0 Constitui\u00e7\u00e3o (PEC) n\u00ba 6, de 2019, que trata da reforma da Previd\u00eancia, na Comiss\u00e3o de Constitui\u00e7\u00e3o e Justi\u00e7a (CCJ) do Senado, animou o mercado nesta ter\u00e7a-feira (22\/10). A Bolsa de Valores de S\u00e3o Paulo (B3) renovou a m\u00e1xima hist\u00f3rica, encostando [&hellip;]<\/p>\n","protected":false},"author":22,"featured_media":0,"comment_status":"open","ping_status":"closed","sticky":false,"template":"","format":"standard","meta":{"footnotes":""},"categories":[600],"tags":[2740,204,429],"class_list":["post-12053","post","type-post","status-publish","format-standard","hentry","category-economia","tag-b3","tag-pec","tag-previdencia"],"_links":{"self":[{"href":"https:\/\/blogs.correiobraziliense.com.br\/vicente\/wp-json\/wp\/v2\/posts\/12053","targetHints":{"allow":["GET"]}}],"collection":[{"href":"https:\/\/blogs.correiobraziliense.com.br\/vicente\/wp-json\/wp\/v2\/posts"}],"about":[{"href":"https:\/\/blogs.correiobraziliense.com.br\/vicente\/wp-json\/wp\/v2\/types\/post"}],"author":[{"embeddable":true,"href":"https:\/\/blogs.correiobraziliense.com.br\/vicente\/wp-json\/wp\/v2\/users\/22"}],"replies":[{"embeddable":true,"href":"https:\/\/blogs.correiobraziliense.com.br\/vicente\/wp-json\/wp\/v2\/comments?post=12053"}],"version-history":[{"count":5,"href":"https:\/\/blogs.correiobraziliense.com.br\/vicente\/wp-json\/wp\/v2\/posts\/12053\/revisions"}],"predecessor-version":[{"id":12059,"href":"https:\/\/blogs.correiobraziliense.com.br\/vicente\/wp-json\/wp\/v2\/posts\/12053\/revisions\/12059"}],"wp:attachment":[{"href":"https:\/\/blogs.correiobraziliense.com.br\/vicente\/wp-json\/wp\/v2\/media?parent=12053"}],"wp:term":[{"taxonomy":"category","embeddable":true,"href":"https:\/\/blogs.correiobraziliense.com.br\/vicente\/wp-json\/wp\/v2\/categories?post=12053"},{"taxonomy":"post_tag","embeddable":true,"href":"https:\/\/blogs.correiobraziliense.com.br\/vicente\/wp-json\/wp\/v2\/tags?post=12053"}],"curies":[{"name":"wp","href":"https:\/\/api.w.org\/{rel}","templated":true}]}}