{"id":12049,"date":"2019-10-18T07:17:17","date_gmt":"2019-10-18T10:17:17","guid":{"rendered":"https:\/\/blogs.correiobraziliense.com.br\/vicente\/?p=12049"},"modified":"2019-10-18T12:45:11","modified_gmt":"2019-10-18T15:45:11","slug":"a-crise-do-psl-encolheu-bolsonaro-e-deixou-governo-refem-da-velha-politica","status":"publish","type":"post","link":"https:\/\/blogs.correiobraziliense.com.br\/vicente\/a-crise-do-psl-encolheu-bolsonaro-e-deixou-governo-refem-da-velha-politica\/","title":{"rendered":"A crise do PSL encolheu Bolsonaro e deixou governo ref\u00e9m da velha pol\u00edtica"},"content":{"rendered":"<h2>Se as pesquisas de opini\u00e3o j\u00e1 v\u00eam mostrando um desgaste enorme na popularidade do presidente Jair Bolsonaro e do governo, com a crise provocada por ele no PSL, o partido pelo qual se elegeu, a situa\u00e7\u00e3o tende a ficar ainda pior nos pr\u00f3ximos levantamentos.<\/h2>\n<p>&nbsp;<\/p>\n<p>A desastrada opera\u00e7\u00e3o orquestrada por Bolsonaro dentro do Pal\u00e1cio do Planalto para destituir o l\u00edder do PSL, delegado Waldir, explicitou a incapacidade de articula\u00e7\u00e3o do presidente e, pior, o desnudou por completo o compromisso dele com a fam\u00edlia em detrimento do pa\u00eds.<\/p>\n<p>&nbsp;<\/p>\n<p>Bolsonaro foi t\u00e3o in\u00e1bil no seu prop\u00f3sito de dar aos filhos o controle sobre o caixa milion\u00e1rio do PSL,\u00a0 que acabou caindo no colo do MDB, o partido que mais simboliza a velha pol\u00edtica que ele tanto combateu durante a campanha para a presid\u00eancia da Rep\u00fablica.<\/p>\n<p>&nbsp;<\/p>\n<p>Agora, Bolsonaro tem com l\u00edder no Senado Fernando Bezerra, alvo da Pol\u00edcia Federal por suspeita de corrup\u00e7\u00e3o, e Eduardo Gomes, abra\u00e7ado por Renan Calheiros, que tem mais de uma dezena de processos em andamento do Supremo Tribunal Federal, tamb\u00e9m por suspeita de corrup\u00e7\u00e3o.<\/p>\n<p>&nbsp;<\/p>\n<p><strong>Balb\u00fardia<\/strong><\/p>\n<p>&nbsp;<\/p>\n<p>Que moral ter\u00e1 o presidente da Rep\u00fablica para, daqui por diante, ostentar o discurso de que representa o novo, de que combate a corrup\u00e7\u00e3o, se est\u00e1 cercado por pessoas suspeitas de comandarem esquemas de desvio de dinheiro p\u00fablico?<\/p>\n<p>&nbsp;<\/p>\n<p>Mais: toda a crise que implodiu o PSL aponta que os 57 milh\u00f5es de votos que elegeram Bolsonaro n\u00e3o representam nada para ele se, \u00e0 frente, estiverem os interesses dos tr\u00eas filhos. Em vez da Rep\u00fablica do Brasil, o que importa para o presidente \u00e9 a Rep\u00fablica dos Bolsonaro.<\/p>\n<p>&nbsp;<\/p>\n<p>Fica dif\u00edcil acreditar que, depois de tanta balb\u00fardia criada pelo presidente da Rep\u00fablica, ele tenha condi\u00e7\u00f5es de liderar um projeto maior de pa\u00eds, que passa pela aprova\u00e7\u00e3o das propostas que estimulem a retomada da economia. No Congresso, o respeito a Bolsonaro \u00e9 quase zero.<\/p>\n<p>&nbsp;<\/p>\n<p>Felizmente, h\u00e1 bom senso entre os parlamentares para separar o presidente da Rep\u00fablica dos interesses do Brasil. A perspectiva \u00e9 de que toda a agenda econ\u00f4mica preparada pelo ministro da Economia, Paulo Guedes, com os presidentes da C\u00e2mara, Rodrigo Maia, e do Senado, Davi Alcolumbre, ande, independentemente do governo.<\/p>\n<p>&nbsp;<\/p>\n<p>Bolsonaro, como se v\u00ea, est\u00e1 cada vez menor. O &#8220;mito&#8221; s\u00f3 persiste entre os seguidores mais fan\u00e1ticos, que n\u00e3o conseguem ver os perigos que o ocupante da cadeira mais poderosa de Bras\u00edlia est\u00e1 colocando no caminho a ser trilhado pelo pa\u00eds.<\/p>\n<p>&nbsp;<\/p>\n<p><em>Bras\u00edlia, 07h17min<\/em><\/p>\n","protected":false},"excerpt":{"rendered":"<p>Se as pesquisas de opini\u00e3o j\u00e1 v\u00eam mostrando um desgaste enorme na popularidade do presidente Jair Bolsonaro e do governo, com a crise provocada por ele no PSL, o partido pelo qual se elegeu, a situa\u00e7\u00e3o tende a ficar ainda pior nos pr\u00f3ximos levantamentos. &nbsp; A desastrada opera\u00e7\u00e3o orquestrada por Bolsonaro dentro do Pal\u00e1cio do [&hellip;]<\/p>\n","protected":false},"author":22,"featured_media":10489,"comment_status":"open","ping_status":"closed","sticky":false,"template":"","format":"standard","meta":{"footnotes":""},"categories":[600],"tags":[2554,254,179,2006,3596,4136],"class_list":["post-12049","post","type-post","status-publish","format-standard","has-post-thumbnail","hentry","category-economia","tag-bolsonaro","tag-congresso","tag-crise","tag-familia","tag-psl","tag-waldir"],"_links":{"self":[{"href":"https:\/\/blogs.correiobraziliense.com.br\/vicente\/wp-json\/wp\/v2\/posts\/12049","targetHints":{"allow":["GET"]}}],"collection":[{"href":"https:\/\/blogs.correiobraziliense.com.br\/vicente\/wp-json\/wp\/v2\/posts"}],"about":[{"href":"https:\/\/blogs.correiobraziliense.com.br\/vicente\/wp-json\/wp\/v2\/types\/post"}],"author":[{"embeddable":true,"href":"https:\/\/blogs.correiobraziliense.com.br\/vicente\/wp-json\/wp\/v2\/users\/22"}],"replies":[{"embeddable":true,"href":"https:\/\/blogs.correiobraziliense.com.br\/vicente\/wp-json\/wp\/v2\/comments?post=12049"}],"version-history":[{"count":1,"href":"https:\/\/blogs.correiobraziliense.com.br\/vicente\/wp-json\/wp\/v2\/posts\/12049\/revisions"}],"predecessor-version":[{"id":12050,"href":"https:\/\/blogs.correiobraziliense.com.br\/vicente\/wp-json\/wp\/v2\/posts\/12049\/revisions\/12050"}],"wp:featuredmedia":[{"embeddable":true,"href":"https:\/\/blogs.correiobraziliense.com.br\/vicente\/wp-json\/wp\/v2\/media\/10489"}],"wp:attachment":[{"href":"https:\/\/blogs.correiobraziliense.com.br\/vicente\/wp-json\/wp\/v2\/media?parent=12049"}],"wp:term":[{"taxonomy":"category","embeddable":true,"href":"https:\/\/blogs.correiobraziliense.com.br\/vicente\/wp-json\/wp\/v2\/categories?post=12049"},{"taxonomy":"post_tag","embeddable":true,"href":"https:\/\/blogs.correiobraziliense.com.br\/vicente\/wp-json\/wp\/v2\/tags?post=12049"}],"curies":[{"name":"wp","href":"https:\/\/api.w.org\/{rel}","templated":true}]}}