{"id":12046,"date":"2019-10-17T19:02:28","date_gmt":"2019-10-17T22:02:28","guid":{"rendered":"https:\/\/blogs.correiobraziliense.com.br\/vicente\/?p=12046"},"modified":"2019-10-17T19:55:29","modified_gmt":"2019-10-17T22:55:29","slug":"pais-de-alunos-protestam-contra-calote-do-colegio-alub","status":"publish","type":"post","link":"https:\/\/blogs.correiobraziliense.com.br\/vicente\/pais-de-alunos-protestam-contra-calote-do-colegio-alub\/","title":{"rendered":"Pais de alunos protestam contra calote do Col\u00e9gio Alub"},"content":{"rendered":"<h2>\u00c9 grande a revolta entre pais de alunos do Col\u00e9gio Alub, que fechou as portas de suas unidades no Distrito Federal e se recusa a dar explica\u00e7\u00f5es concretas se vai ou n\u00e3o continuar suas atividades.<\/h2>\n<p>&nbsp;<\/p>\n<p>Para exigir uma resposta clara, os pais dos estudantes marcaram um protesto para esta sexta-feira (18\/10) em frente \u00e0 unidade do Alub em Taguatinga. De l\u00e1, seguir\u00e3o para o Procon, onde registrar\u00e3o queixa.<\/p>\n<p>&nbsp;<\/p>\n<p>O Alub enfrenta <a href=\"https:\/\/blogs.correiobraziliense.com.br\/vicente\/mergulhado-em-seria-crise-colegio-alub-pode-fechar\/\">s\u00e9rias dificuldades<\/a> desde que seu dono, o empres\u00e1rio carioca Arthur M\u00e1rio Pinheiro Machado, foi preso em uma das fases da Lava-Jato. Ele foi acusado, dentro da Opera\u00e7\u00e3o Rizoma, pelos crimes de lavagem de dinheiro, evas\u00e3o de divisas e corrup\u00e7\u00e3o por meio de fraudes nos fundos de pens\u00e3o dos Correios, o Postalis, e do Serpros, do Serpro.<\/p>\n<p>&nbsp;<\/p>\n<p>Nesta semana, o Alub interrompeu as aulas, alegando que precisava reorganizar seu quadro de professores, que, sem receber os sal\u00e1rios, entraram em greve. Quem acompanha o dia a dia da rede de col\u00e9gios, no entanto, garante que, dificilmente, as portas ser\u00e3o reabertas.<\/p>\n<p>&nbsp;<\/p>\n<p><strong>Drama<\/strong><\/p>\n<p>&nbsp;<\/p>\n<p>Desesperados, pais que tentaram entrar em contato com o Alub conseguiram, no m\u00e1ximo, contato com uma funcion\u00e1ria que disse se chamar Renata. Ela afirmou a todos que o encerramento das atividades do col\u00e9gio \u00e9 para valer.<\/p>\n<p>&nbsp;<\/p>\n<p>Diante desse quadro dram\u00e1tico, pais de alunos j\u00e1 est\u00e3o em busca de outras escolas para que os estudantes possam concluir o ano letivo. Alguma institui\u00e7\u00f5es j\u00e1 est\u00e3o se movimentando para receb\u00ea-los.<\/p>\n<p>&nbsp;<\/p>\n<p>Por enquanto, n\u00e3o houve nenhuma manifesta\u00e7\u00e3o por parte do Minist\u00e9rio da Educa\u00e7\u00e3o em rela\u00e7\u00e3o ao calote dado pelo Alub. Mas os pais dos estudantes prejudicados prometem cobrar uma posi\u00e7\u00e3o, uma vez que cabe ao minist\u00e9rio fiscalizar o setor educacional.<\/p>\n<p>&nbsp;<\/p>\n<p>Os pais suspeitam que o Alub vinha sendo usado por seu dono dentro do esquema criminoso que foi desbaratado pela Lava-Jato e pedem que a pol\u00edcia entre no assunto.<\/p>\n<p>&nbsp;<\/p>\n<p><em>Bras\u00edlia, 19h02min<\/em><\/p>\n","protected":false},"excerpt":{"rendered":"<p>\u00c9 grande a revolta entre pais de alunos do Col\u00e9gio Alub, que fechou as portas de suas unidades no Distrito Federal e se recusa a dar explica\u00e7\u00f5es concretas se vai ou n\u00e3o continuar suas atividades. &nbsp; Para exigir uma resposta clara, os pais dos estudantes marcaram um protesto para esta sexta-feira (18\/10) em frente \u00e0 [&hellip;]<\/p>\n","protected":false},"author":22,"featured_media":12047,"comment_status":"open","ping_status":"closed","sticky":false,"template":"","format":"standard","meta":{"footnotes":""},"categories":[600],"tags":[4176,6,179,4181,41,2498,2825],"class_list":["post-12046","post","type-post","status-publish","format-standard","has-post-thumbnail","hentry","category-economia","tag-alub","tag-calote","tag-crise","tag-escola","tag-lava-jato","tag-policia","tag-protesto"],"_links":{"self":[{"href":"https:\/\/blogs.correiobraziliense.com.br\/vicente\/wp-json\/wp\/v2\/posts\/12046","targetHints":{"allow":["GET"]}}],"collection":[{"href":"https:\/\/blogs.correiobraziliense.com.br\/vicente\/wp-json\/wp\/v2\/posts"}],"about":[{"href":"https:\/\/blogs.correiobraziliense.com.br\/vicente\/wp-json\/wp\/v2\/types\/post"}],"author":[{"embeddable":true,"href":"https:\/\/blogs.correiobraziliense.com.br\/vicente\/wp-json\/wp\/v2\/users\/22"}],"replies":[{"embeddable":true,"href":"https:\/\/blogs.correiobraziliense.com.br\/vicente\/wp-json\/wp\/v2\/comments?post=12046"}],"version-history":[{"count":1,"href":"https:\/\/blogs.correiobraziliense.com.br\/vicente\/wp-json\/wp\/v2\/posts\/12046\/revisions"}],"predecessor-version":[{"id":12048,"href":"https:\/\/blogs.correiobraziliense.com.br\/vicente\/wp-json\/wp\/v2\/posts\/12046\/revisions\/12048"}],"wp:featuredmedia":[{"embeddable":true,"href":"https:\/\/blogs.correiobraziliense.com.br\/vicente\/wp-json\/wp\/v2\/media\/12047"}],"wp:attachment":[{"href":"https:\/\/blogs.correiobraziliense.com.br\/vicente\/wp-json\/wp\/v2\/media?parent=12046"}],"wp:term":[{"taxonomy":"category","embeddable":true,"href":"https:\/\/blogs.correiobraziliense.com.br\/vicente\/wp-json\/wp\/v2\/categories?post=12046"},{"taxonomy":"post_tag","embeddable":true,"href":"https:\/\/blogs.correiobraziliense.com.br\/vicente\/wp-json\/wp\/v2\/tags?post=12046"}],"curies":[{"name":"wp","href":"https:\/\/api.w.org\/{rel}","templated":true}]}}