{"id":12044,"date":"2019-10-17T18:01:36","date_gmt":"2019-10-17T21:01:36","guid":{"rendered":"https:\/\/blogs.correiobraziliense.com.br\/vicente\/?p=12044"},"modified":"2019-10-17T19:07:03","modified_gmt":"2019-10-17T22:07:03","slug":"df-foi-a-unidade-da-federacao-que-mais-reduziu-empregos-formais-em-2018","status":"publish","type":"post","link":"https:\/\/blogs.correiobraziliense.com.br\/vicente\/df-foi-a-unidade-da-federacao-que-mais-reduziu-empregos-formais-em-2018\/","title":{"rendered":"DF foi a unidade da Federa\u00e7\u00e3o que mais reduziu empregos formais em 2018"},"content":{"rendered":"<h2>Levantamento divulgado nesta quinta-feira (17\/10) pelo Minist\u00e9rio da Economia traz um dado desalentador para o Distrito Federal. A capital do pa\u00eds foi a unidade da Federa\u00e7\u00e3o que mais fechou vagas de trabalho formal, ou seja, com carteira assinada, em 2018. Desapareceram 53,6 mil postos de trabalho.<\/h2>\n<p>&nbsp;<\/p>\n<p>Os dados constam na Rela\u00e7\u00e3o Anual de Informa\u00e7\u00e3o Social (Rais), que faz um retrato fiel do mercado formal de trabalho no pa\u00eds. No total, o Brasil abriu 349.525 vagas com carteira assinada em 2018, ante as 221.392 do ano anterior.<\/p>\n<p>&nbsp;<\/p>\n<p>O Distrito Federal tem uma depend\u00eancia enorme do governo federal. Como a Uni\u00e3o est\u00e1 com o caixa apertado, restringindo contrata\u00e7\u00f5es, isso impactou diretamente os demais setores da economia da capital.<\/p>\n<p>&nbsp;<\/p>\n<p>O p\u00e9ssimo desempenho do mercado de trabalho no DF surpreendeu, pois o fechamento de vagas foi quase o dobro do registrado no Rio de Janeiro, que enfrenta uma crise sem precedentes. No Rio, foram limadas 27,2 mil vagas formais.<\/p>\n<p>&nbsp;<\/p>\n<p>Pelo levantamento da Rais, houve fechamento de empregos formais no DF e em mais sete estados, entre eles, Goi\u00e1s (-7,7 mil) e Acre (-5 mil). Nos demais, a cria\u00e7\u00e3o de vagas foi puxada por S\u00e3o Paulo (+119,2 mil), Minas Gerais (+49,9 mil) e Santa Catarina (+49,2 mil).<\/p>\n<p>&nbsp;<\/p>\n<p><strong>Rea\u00e7\u00e3o<\/strong><\/p>\n<p>&nbsp;<\/p>\n<p>O Governo do Distrito Federal acredita que o resultado de 2019 ser\u00e1 bem diferente, tanto que o Produto Interno Bruto (PIB) da capital est\u00e1 crescendo quase o dobro da m\u00e9dia nacional, de 0,8%. Segundo o secret\u00e1rio de Desenvolvimento Regional, Ruy Coutinho, uma s\u00e9rie de programas est\u00e1 sendo colocada em pr\u00e1tica para estimular a cria\u00e7\u00e3o de empregos.<\/p>\n<p>&nbsp;<\/p>\n<p>Entre os projetos h\u00e1 o que trata de pequenos reparos em escolas. A meta \u00e9 trazer para a formalidade pintores, pedreiros, eletricistas, jardineiros, entre outros profissionais. Coutinho acredita que a privatiza\u00e7\u00e3o de estatais como a CEB tamb\u00e9m ajudar\u00e1 a incrementar a economia local.<\/p>\n<p>&nbsp;<\/p>\n<p>Na vis\u00e3o do secret\u00e1rio, \u00e9 poss\u00edvel que, j\u00e1 no ano que vem, com parte dos projetos andando, se reduza em 20% o contingente de desempregados do DF, de mais de 300 mil pessoas. Isso significar\u00e1 a cria\u00e7\u00e3o de pelo menos 60 mil vagas com carteira assinada.<\/p>\n<p>&nbsp;<\/p>\n<p><em>Bras\u00edlia, 18h01min<\/em><\/p>\n","protected":false},"excerpt":{"rendered":"<p>Levantamento divulgado nesta quinta-feira (17\/10) pelo Minist\u00e9rio da Economia traz um dado desalentador para o Distrito Federal. A capital do pa\u00eds foi a unidade da Federa\u00e7\u00e3o que mais fechou vagas de trabalho formal, ou seja, com carteira assinada, em 2018. Desapareceram 53,6 mil postos de trabalho. &nbsp; Os dados constam na Rela\u00e7\u00e3o Anual de Informa\u00e7\u00e3o [&hellip;]<\/p>\n","protected":false},"author":22,"featured_media":10346,"comment_status":"open","ping_status":"closed","sticky":false,"template":"","format":"standard","meta":{"footnotes":""},"categories":[600],"tags":[755,2400,3116,2402,2401],"class_list":["post-12044","post","type-post","status-publish","format-standard","has-post-thumbnail","hentry","category-economia","tag-distrito-federal","tag-empregos","tag-fechamento","tag-formais","tag-vagas"],"_links":{"self":[{"href":"https:\/\/blogs.correiobraziliense.com.br\/vicente\/wp-json\/wp\/v2\/posts\/12044","targetHints":{"allow":["GET"]}}],"collection":[{"href":"https:\/\/blogs.correiobraziliense.com.br\/vicente\/wp-json\/wp\/v2\/posts"}],"about":[{"href":"https:\/\/blogs.correiobraziliense.com.br\/vicente\/wp-json\/wp\/v2\/types\/post"}],"author":[{"embeddable":true,"href":"https:\/\/blogs.correiobraziliense.com.br\/vicente\/wp-json\/wp\/v2\/users\/22"}],"replies":[{"embeddable":true,"href":"https:\/\/blogs.correiobraziliense.com.br\/vicente\/wp-json\/wp\/v2\/comments?post=12044"}],"version-history":[{"count":1,"href":"https:\/\/blogs.correiobraziliense.com.br\/vicente\/wp-json\/wp\/v2\/posts\/12044\/revisions"}],"predecessor-version":[{"id":12045,"href":"https:\/\/blogs.correiobraziliense.com.br\/vicente\/wp-json\/wp\/v2\/posts\/12044\/revisions\/12045"}],"wp:featuredmedia":[{"embeddable":true,"href":"https:\/\/blogs.correiobraziliense.com.br\/vicente\/wp-json\/wp\/v2\/media\/10346"}],"wp:attachment":[{"href":"https:\/\/blogs.correiobraziliense.com.br\/vicente\/wp-json\/wp\/v2\/media?parent=12044"}],"wp:term":[{"taxonomy":"category","embeddable":true,"href":"https:\/\/blogs.correiobraziliense.com.br\/vicente\/wp-json\/wp\/v2\/categories?post=12044"},{"taxonomy":"post_tag","embeddable":true,"href":"https:\/\/blogs.correiobraziliense.com.br\/vicente\/wp-json\/wp\/v2\/tags?post=12044"}],"curies":[{"name":"wp","href":"https:\/\/api.w.org\/{rel}","templated":true}]}}