{"id":12041,"date":"2019-10-17T15:01:42","date_gmt":"2019-10-17T18:01:42","guid":{"rendered":"https:\/\/blogs.correiobraziliense.com.br\/vicente\/?p=12041"},"modified":"2019-10-17T16:24:28","modified_gmt":"2019-10-17T19:24:28","slug":"crise-expulsou-quase-6-milhoes-de-brasileiros-da-nova-classe-c","status":"publish","type":"post","link":"https:\/\/blogs.correiobraziliense.com.br\/vicente\/crise-expulsou-quase-6-milhoes-de-brasileiros-da-nova-classe-c\/","title":{"rendered":"Crise expulsou quase 6 milh\u00f5es de brasileiros da nova classe C"},"content":{"rendered":"<h2>Dados da Funda\u00e7\u00e3o Get\u00falio Vargas, baseados em informa\u00e7\u00f5es divulgadas pelo Instituto Brasileiro de Geografia e Estat\u00edstica (IBGE), mostram que quase 6 milh\u00f5es de brasileiros foram expulsos da chamada nova classe C entre 2014 e 2018.<\/h2>\n<p>&nbsp;<\/p>\n<p>Pelos c\u00e1lculos do economista Marcelo Neri, da FGV, em 2014, a nova classe m\u00e9dia representava 56,8% da popula\u00e7\u00e3o brasileira. No ano passado, depois de um longo per\u00edodo de recess\u00e3o econ\u00f4mica, essa participa\u00e7\u00e3o caiu para 53,9%.<\/p>\n<p>&nbsp;<\/p>\n<p>A nova classe C se consolidou durante os governos de Fernando Henrique Cardoso e Lula, sobretudo por causa do controle da infla\u00e7\u00e3o e do aumento real do sal\u00e1rio m\u00ednimo. Com o crescimento da economia, o desemprego chegou a cair a 4,9% em 2014.<\/p>\n<p>&nbsp;<\/p>\n<p>As estripulias feitas por Dilma Rousseff na economia, por\u00e9m, come\u00e7aram a minar o bem-estar dessa nova classe m\u00e9dia. A alta da infla\u00e7\u00e3o foi corroendo o poder de compra dos trabalhadores e, aos poucos, o fantasma da pobreza voltou a assustar muitas delas.<\/p>\n<p>&nbsp;<\/p>\n<p><strong>Desigualdade<\/strong><\/p>\n<p>&nbsp;<\/p>\n<p>O IBGE apontou que as pessoas que vivem na pobreza, com renda mensal m\u00e9dia de R$ 233, representam 12,2% da popula\u00e7\u00e3o do pa\u00eds. S\u00e3o 25,3 milh\u00f5es de brasileiros. Em 2014, eles eram 9,8% da popula\u00e7\u00e3o, o menor \u00edndice da s\u00e9rie.<\/p>\n<p>&nbsp;<\/p>\n<p>A hist\u00f3ria mostra que n\u00e3o h\u00e1 outro caminho para a redu\u00e7\u00e3o da pobreza que n\u00e3o seja o crescimento econ\u00f4mico sustentado. Sim, as pol\u00edticas sociais, como o Bolsa Fam\u00edlia, s\u00e3o importantes, mas \u00e9 o emprego de qualidade que permite a ascens\u00e3o social.<\/p>\n<p>&nbsp;<\/p>\n<p>Os brasileiros mais pobres precisam de aten\u00e7\u00e3o especial, com uma boa educa\u00e7\u00e3o. Infelizmente, n\u00e3o \u00e9 o que se est\u00e1 vendo hoje. O governo est\u00e1 perdido. O presidente da Rep\u00fablica ainda n\u00e3o desceu do palanque. Tornou-se um especialista em criar crises.<\/p>\n<p>&nbsp;<\/p>\n<p>Mantido o atual quadro de balb\u00fardia na administra\u00e7\u00e3o federal, em que aqueles que decidem est\u00e3o mais preocupados com uma agenda de costumes, ser\u00e1 muito dif\u00edcil ver o Brasil acabar com a praga da pobreza.<\/p>\n<p>&nbsp;<\/p>\n<p>Pelos c\u00e1lculos de Marcelo Neri, da FGV, mesmo que o Brasil cres\u00e7a, em m\u00e9dia, 2,5% ao ano, s\u00f3 voltaremos a ostentar \u00edndices de pobreza semelhantes a 2014 em 2030. \u00c9 tempo demais para um pa\u00eds t\u00e3o desigual e injusto.<\/p>\n<p>&nbsp;<\/p>\n<p><em>Bras\u00edlia, 15h01min<\/em><\/p>\n","protected":false},"excerpt":{"rendered":"<p>Dados da Funda\u00e7\u00e3o Get\u00falio Vargas, baseados em informa\u00e7\u00f5es divulgadas pelo Instituto Brasileiro de Geografia e Estat\u00edstica (IBGE), mostram que quase 6 milh\u00f5es de brasileiros foram expulsos da chamada nova classe C entre 2014 e 2018. &nbsp; Pelos c\u00e1lculos do economista Marcelo Neri, da FGV, em 2014, a nova classe m\u00e9dia representava 56,8% da popula\u00e7\u00e3o brasileira. [&hellip;]<\/p>\n","protected":false},"author":22,"featured_media":12042,"comment_status":"open","ping_status":"closed","sticky":false,"template":"","format":"standard","meta":{"footnotes":""},"categories":[600],"tags":[2554,4180,2933,4179,2353],"class_list":["post-12041","post","type-post","status-publish","format-standard","has-post-thumbnail","hentry","category-economia","tag-bolsonaro","tag-classe-c","tag-desigualdade","tag-nova","tag-pobreza"],"_links":{"self":[{"href":"https:\/\/blogs.correiobraziliense.com.br\/vicente\/wp-json\/wp\/v2\/posts\/12041","targetHints":{"allow":["GET"]}}],"collection":[{"href":"https:\/\/blogs.correiobraziliense.com.br\/vicente\/wp-json\/wp\/v2\/posts"}],"about":[{"href":"https:\/\/blogs.correiobraziliense.com.br\/vicente\/wp-json\/wp\/v2\/types\/post"}],"author":[{"embeddable":true,"href":"https:\/\/blogs.correiobraziliense.com.br\/vicente\/wp-json\/wp\/v2\/users\/22"}],"replies":[{"embeddable":true,"href":"https:\/\/blogs.correiobraziliense.com.br\/vicente\/wp-json\/wp\/v2\/comments?post=12041"}],"version-history":[{"count":1,"href":"https:\/\/blogs.correiobraziliense.com.br\/vicente\/wp-json\/wp\/v2\/posts\/12041\/revisions"}],"predecessor-version":[{"id":12043,"href":"https:\/\/blogs.correiobraziliense.com.br\/vicente\/wp-json\/wp\/v2\/posts\/12041\/revisions\/12043"}],"wp:featuredmedia":[{"embeddable":true,"href":"https:\/\/blogs.correiobraziliense.com.br\/vicente\/wp-json\/wp\/v2\/media\/12042"}],"wp:attachment":[{"href":"https:\/\/blogs.correiobraziliense.com.br\/vicente\/wp-json\/wp\/v2\/media?parent=12041"}],"wp:term":[{"taxonomy":"category","embeddable":true,"href":"https:\/\/blogs.correiobraziliense.com.br\/vicente\/wp-json\/wp\/v2\/categories?post=12041"},{"taxonomy":"post_tag","embeddable":true,"href":"https:\/\/blogs.correiobraziliense.com.br\/vicente\/wp-json\/wp\/v2\/tags?post=12041"}],"curies":[{"name":"wp","href":"https:\/\/api.w.org\/{rel}","templated":true}]}}