{"id":12006,"date":"2019-10-10T20:34:47","date_gmt":"2019-10-10T23:34:47","guid":{"rendered":"https:\/\/blogs.correiobraziliense.com.br\/vicente\/?p=12006"},"modified":"2019-10-11T00:55:45","modified_gmt":"2019-10-11T03:55:45","slug":"pompeo-nega-retirada-de-apoio-ao-brasil-na-ocde","status":"publish","type":"post","link":"https:\/\/blogs.correiobraziliense.com.br\/vicente\/pompeo-nega-retirada-de-apoio-ao-brasil-na-ocde\/","title":{"rendered":"Pompeo nega retirada de apoio ao Brasil na OCDE"},"content":{"rendered":"<p>ROSANA HESSEL<\/p>\n<p>&nbsp;<\/p>\n<p>O secret\u00e1rio de Estado norte-americano, Michael Pompeo, afirmou, em rede social, que o conte\u00fado da carta vazada, nesta quarta-feira (10\/10), que foi enviada por ele ao secret\u00e1rio-geral da Organiza\u00e7\u00e3o para a Coopera\u00e7\u00e3o e Desenvolvimento Econ\u00f4mico (OCDE), Ang\u00e9l Gurr\u00eda, n\u00e3o representa &#8220;com precis\u00e3o&#8221; a retirada do endosso da candidatura do Brasil como pa\u00eds membro da entidade. Ele refor\u00e7ou o apoio dos EUA ao Brasil no processo de ades\u00e3o, mas n\u00e3o desmentiu a exist\u00eancia da missiva.<\/p>\n<p>&nbsp;<\/p>\n<p><span style=\"font-weight: 400\">\u201cA carta vazada n\u00e3o representa com precis\u00e3o a posi\u00e7\u00e3o dos Estados Unidos em rela\u00e7\u00e3o ao alargamento da OCDE. Somos apoiadores entusiasmados para a entrada do Brasil nessa importante institui\u00e7\u00e3o e os EUA v\u00e3o fazer dar um grande apoio para a inclus\u00e3o do Brasil&#8221;, escre<\/span><span style=\"font-weight: 400\">veu Mike Pompeo em sua p\u00e1gina no Twitter na noite de hoje. &#8220;S<\/span><span style=\"font-weight: 400\">audamos as promessas do Brasil para reformas econ\u00f4micas e os esfor\u00e7os para aplicar as melhores pr\u00e1ticas e adequa\u00e7\u00e3o da plataforma regulat\u00f3ria aos padr\u00f5es da OCDE&#8221;, destacou.<\/span><\/p>\n<p>&nbsp;<\/p>\n<p>&#8220;Ao contr\u00e1rio das not\u00edcias da m\u00eddia, os Estados Unidos, consistentes com a declara\u00e7\u00e3o conjunta dos presidentes Donald Trump e Jair Bolsonaro, de 19 de mar\u00e7o, mant\u00e9m total apoio aos esfor\u00e7os do Brasil para iniciar o processo de se tornar membro pleno da OCDE&#8221;, completou o secret\u00e1rio norte-americano.<\/p>\n<p>&nbsp;<\/p>\n<p>Mais cedo, a ag\u00eancia norte-americana <em>Bloomberg News\u00a0 <\/em>divulgou uma not\u00edcia da carta enviada pela Casa Branca para a OCDE na qual os EUA n\u00e3o apoiavam a candidatura do Brasil e defendia um aumento contido no n\u00famero de membros da organiza\u00e7\u00e3o e propunha convidar &#8220;apenas&#8221;\u00a0 Argentina e Rom\u00eania.<\/p>\n<p>&nbsp;<\/p>\n<p>Logo em seguida, o presidente dos Estados Unidos, Donald Trump, refor\u00e7ou o apoio ao in\u00edcio da candidatura do Brasil \u00e0 OCDE e chamou a not\u00edcia da ag\u00eancia de &#8220;fake news&#8221;.<\/p>\n<p>&nbsp;<\/p>\n<p>Veja a \u00edntegra da carta divulgada pela <em>Bloomberg:<\/em><\/p>\n<p>&nbsp;<\/p>\n<p><a href=\"https:\/\/blogs.correiobraziliense.com.br\/vicente\/wp-content\/uploads\/sites\/16\/2019\/10\/PHOTO-2019-10-11-00-47-05.jpg\"><img loading=\"lazy\" decoding=\"async\" class=\"alignnone size-large wp-image-12023\" src=\"https:\/\/blogs.correiobraziliense.com.br\/vicente\/wp-content\/uploads\/sites\/16\/2019\/10\/PHOTO-2019-10-11-00-47-05-473x1024.jpg\" alt=\"\" width=\"473\" height=\"1024\" srcset=\"https:\/\/blogs.correiobraziliense.com.br\/vicente\/wp-content\/uploads\/sites\/16\/2019\/10\/PHOTO-2019-10-11-00-47-05.jpg 473w, https:\/\/blogs.correiobraziliense.com.br\/vicente\/wp-content\/uploads\/sites\/16\/2019\/10\/PHOTO-2019-10-11-00-47-05-139x300.jpg 139w, https:\/\/blogs.correiobraziliense.com.br\/vicente\/wp-content\/uploads\/sites\/16\/2019\/10\/PHOTO-2019-10-11-00-47-05-162x350.jpg 162w, https:\/\/blogs.correiobraziliense.com.br\/vicente\/wp-content\/uploads\/sites\/16\/2019\/10\/PHOTO-2019-10-11-00-47-05-230x498.jpg 230w\" sizes=\"auto, (max-width: 473px) 100vw, 473px\" \/><\/a><\/p>\n<p>&nbsp;<\/p>\n<p>&nbsp;<\/p>\n<p>&nbsp;<\/p>\n<p>&nbsp;<\/p>\n<p>&nbsp;<\/p>\n<p>&nbsp;<\/p>\n<p>&nbsp;<\/p>\n","protected":false},"excerpt":{"rendered":"<p>ROSANA HESSEL &nbsp; O secret\u00e1rio de Estado norte-americano, Michael Pompeo, afirmou, em rede social, que o conte\u00fado da carta vazada, nesta quarta-feira (10\/10), que foi enviada por ele ao secret\u00e1rio-geral da Organiza\u00e7\u00e3o para a Coopera\u00e7\u00e3o e Desenvolvimento Econ\u00f4mico (OCDE), Ang\u00e9l Gurr\u00eda, n\u00e3o representa &#8220;com precis\u00e3o&#8221; a retirada do endosso da candidatura do Brasil como pa\u00eds [&hellip;]<\/p>\n","protected":false},"author":22,"featured_media":0,"comment_status":"open","ping_status":"closed","sticky":false,"template":"","format":"standard","meta":{"footnotes":""},"categories":[600],"tags":[378,4174,3637,4173,2240],"class_list":["post-12006","post","type-post","status-publish","format-standard","hentry","category-economia","tag-brasil","tag-carta","tag-eua","tag-michael-pompeo","tag-ocde"],"_links":{"self":[{"href":"https:\/\/blogs.correiobraziliense.com.br\/vicente\/wp-json\/wp\/v2\/posts\/12006","targetHints":{"allow":["GET"]}}],"collection":[{"href":"https:\/\/blogs.correiobraziliense.com.br\/vicente\/wp-json\/wp\/v2\/posts"}],"about":[{"href":"https:\/\/blogs.correiobraziliense.com.br\/vicente\/wp-json\/wp\/v2\/types\/post"}],"author":[{"embeddable":true,"href":"https:\/\/blogs.correiobraziliense.com.br\/vicente\/wp-json\/wp\/v2\/users\/22"}],"replies":[{"embeddable":true,"href":"https:\/\/blogs.correiobraziliense.com.br\/vicente\/wp-json\/wp\/v2\/comments?post=12006"}],"version-history":[{"count":10,"href":"https:\/\/blogs.correiobraziliense.com.br\/vicente\/wp-json\/wp\/v2\/posts\/12006\/revisions"}],"predecessor-version":[{"id":12024,"href":"https:\/\/blogs.correiobraziliense.com.br\/vicente\/wp-json\/wp\/v2\/posts\/12006\/revisions\/12024"}],"wp:attachment":[{"href":"https:\/\/blogs.correiobraziliense.com.br\/vicente\/wp-json\/wp\/v2\/media?parent=12006"}],"wp:term":[{"taxonomy":"category","embeddable":true,"href":"https:\/\/blogs.correiobraziliense.com.br\/vicente\/wp-json\/wp\/v2\/categories?post=12006"},{"taxonomy":"post_tag","embeddable":true,"href":"https:\/\/blogs.correiobraziliense.com.br\/vicente\/wp-json\/wp\/v2\/tags?post=12006"}],"curies":[{"name":"wp","href":"https:\/\/api.w.org\/{rel}","templated":true}]}}