{"id":11990,"date":"2019-10-10T18:55:02","date_gmt":"2019-10-10T21:55:02","guid":{"rendered":"https:\/\/blogs.correiobraziliense.com.br\/vicente\/?p=11990"},"modified":"2019-10-11T01:19:36","modified_gmt":"2019-10-11T04:19:36","slug":"clima-de-frustracao-na-equipe-economica-em-relacao-a-ocde","status":"publish","type":"post","link":"https:\/\/blogs.correiobraziliense.com.br\/vicente\/clima-de-frustracao-na-equipe-economica-em-relacao-a-ocde\/","title":{"rendered":"Clima de frustra\u00e7\u00e3o na equipe econ\u00f4mica em rela\u00e7\u00e3o \u00e0 OCDE"},"content":{"rendered":"<p>ROSANA HESSEL<\/p>\n<p>&nbsp;<\/p>\n<p>A not\u00edcia da carta do secret\u00e1rio de Estado dos Estados Unidos, Michael Pompeo, para o secret\u00e1rio-geral da Organiza\u00e7\u00e3o para a Coopera\u00e7\u00e3o e Desenvolvimento Econ\u00f4mico (OCDE), \u00c1ngel Gurr\u00eda, divulgada pela <em>Bloomberg News<\/em>, na qual a Casa Branca n\u00e3o endossa a candidatura do Brasil como pa\u00eds membro, indicando apenas Argentina e Rom\u00eania, deixou a equipe econ\u00f4mica frustrada, de acordo com fontes pr\u00f3ximas ao grupo chefiado pelo ministro da Economia, Paulo Guedes.\u00a0 A palavra de ordem entre os t\u00e9cnicos foi &#8220;continuar o processo de converg\u00eancia, de regula\u00e7\u00e3o e governan\u00e7a com padr\u00f5es globais, para permitir a inser\u00e7\u00e3o&#8221;.<\/p>\n<p>&nbsp;<\/p>\n<p>No Minist\u00e9rio da Economia, a orienta\u00e7\u00e3o foi n\u00e3o comentar o assunto oficialmente. O Minist\u00e9rio das Rela\u00e7\u00f5es Exteriores fez o mesmo.\u00a0 &#8220;H\u00e1 um clima de frustra\u00e7\u00e3o, mas eles disseram que v\u00e3o continuar trabalhando para que o pa\u00eds continue adotando medidas para se enquadrar nas regras da OCDE e receba o endosso em uma pr\u00f3xima oportunidade&#8221;, disse uma fonte pr\u00f3xima do governo.<\/p>\n<p>&nbsp;<\/p>\n<p>A economista Monica de Bolle, diretora de estudos latino-americanos e mercados emergentes da Johns Hopkins University, em Washington, lembrou que os EUA j\u00e1 tinham manifestado a prefer\u00eancia por Argentina e Rom\u00eania e o Brasil sabia disso, mas estava na expectativa de que &#8220;poderia furar a fila&#8221;.<\/p>\n<p>&nbsp;<\/p>\n<p>Em mar\u00e7o, quando o presidente Jair Bolsonaro foi \u00e0 Washington e assinou a declara\u00e7\u00e3o conjunta com o presidente dos EUA, Donald Trump, em parte, em troca do apoio do Brasil \u00e0 OCDE, o governo brasileiro fez v\u00e1rias concess\u00f5es. Entre elas, permitiu aos norte-americanos o acesso \u00e0 base de Alc\u00e2ntara, acabou com a exig\u00eancia de visto para cidad\u00e3os americanos, unilateralmente, para entrada no pa\u00eds e concordou em abrir m\u00e3o do status preferencial de pa\u00eds em desenvolvimento na Organiza\u00e7\u00e3o Mundial do Com\u00e9rcio (OMC) para receber o endosso de Washington.<\/p>\n<p>&nbsp;<\/p>\n<p>Essa exig\u00eancia, por exemplo, n\u00e3o foi feita para outros pa\u00edses emergentes que entraram na OMC, como M\u00e9xico.\u00a0 E, para deixar esse privil\u00e9gio, basta que o pa\u00eds comunique a entidade. A inten\u00e7\u00e3o foi confirmada em mar\u00e7o pelo Brasil, mas o governo n\u00e3o deu um prazo para quando isso acontecer\u00e1 efetivamente.<\/p>\n<p>&nbsp;<\/p>\n<p>&#8220;Naquela \u00e9poca da visita do Bolsonaro, ningu\u00e9m entendeu nada (sobre o apoio dos EUA ao Brasil na OCDE), porque a postura do USTR (representante das negocia\u00e7\u00f5es comerciais dos EUA) de endossar as candidaturas da Argentina e da Rom\u00eania na OCDE sempre foi conhecida. E todos sabem que Washington nunca quis abrir muito a possibilidade de muitos entrarem na entidade&#8221;, destacou Monica.\u00a0 &#8220;Essa promessa de apoio \u00e9 vazia, n\u00e3o est\u00e1 alinhada com a postura do governo Trump&#8221;, emendou.<\/p>\n<p>&nbsp;<\/p>\n<p>Para a economista, o apoio \u00e0 Rom\u00eania \u00e9 natural, porque o pa\u00eds pertence \u00e0 Uni\u00e3o Europeia e os europeus n\u00e3o deve rejeitar a sua entrada. E, no caso da Argentina, essa negocia\u00e7\u00e3o \u00e9 antiga. &#8220;Trump e o presidente da Argentina, Mauricio Macri, s\u00e3o amigos pessoais mesmo antes de serem presidentes&#8221;, refor\u00e7ou.\u00a0Ela lembrou que o fato de o pa\u00eds ainda n\u00e3o ter nomeado um embaixador na capital norte-americana desde mar\u00e7o n\u00e3o tem ajudado nessa negocia\u00e7\u00e3o.<\/p>\n<p>&nbsp;<\/p>\n<p>Na avalia\u00e7\u00e3o do especialista em rela\u00e7\u00f5es internacionais Wagner Parente, CEO da BMJ Consultoria, a carta de Pompeo indica o fato de que a Casa Branca n\u00e3o gostou do fato da imposi\u00e7\u00e3o de cotas para o etanol dos EUA no Brasil, uma exig\u00eancia da ind\u00fastria nacional. &#8220;O Brasil imp\u00f4s uma cota de 750 milh\u00f5es de litros, mas os EUA esperavam que o imposto de importa\u00e7\u00e3o fosse zerado. Acredito que isso tenha prejudicado a formaliza\u00e7\u00e3o do apoio ao pa\u00eds pelos norte-americanos&#8221;, disse. Segundo ele, ser\u00e1 dif\u00edcil para o governo n\u00e3o impor essa cota junto ao Congresso. &#8220;A press\u00e3o dos usineiros do Nordeste \u00e9 grande&#8221;, pontuou.<\/p>\n<p>&nbsp;<\/p>\n<p><strong>Nota da Embaixada<\/strong><\/p>\n<p>&nbsp;<\/p>\n<p><span style=\"font-weight: 400\">A Embaixada dos Estados Unidos no Brasil, em nota divulgada nesta quinta-feira (10\/10), informou que os EUA mant\u00e9m apoio ao Brasil no processo de ades\u00e3o OCDE, refor\u00e7ando as declara\u00e7\u00f5es dos presidentes dos dois pa\u00edses.\u00a0\u00a0<\/span><span style=\"font-weight: 400\">&#8220;A declara\u00e7\u00e3o conjunta de 19 de mar\u00e7o do presidente Trump e do presidente Bolsonaro afirmou claramente o apoio ao Brasil para iniciar o processo para se tornar um membro pleno da OCDE e saudou os esfor\u00e7os cont\u00ednuos do Brasil em rela\u00e7\u00e3o \u00e0s reformas econ\u00f4micas, melhores pr\u00e1ticas e conformidade com as normas da OCDE. Continuamos mantendo essa declara\u00e7\u00e3o&#8221;, informou a Embaixada sem especificar uma data para esse apoio.<\/span><\/p>\n<p>&nbsp;<\/p>\n<p><span style=\"font-weight: 400\">&#8220;Apoiamos a expans\u00e3o da OCDE a um ritmo controlado que leve em conta a necessidade de pressionar as reformas de governan\u00e7a e o planejamento de sucess\u00e3o. Continuaremos a trabalhar com outros membros da OCDE para encontrar um caminho para a expans\u00e3o da institui\u00e7\u00e3o. Todos os 36 pa\u00edses membros da OCDE devem concordar, por consenso, com o calend\u00e1rio e a ordem dos convites para iniciar o processo de ades\u00e3o \u00e0 OCDE\u201d, concluiu o comunicado.<\/span><\/p>\n<p>&nbsp;<\/p>\n<p>O Brasil iniciou o processo de ades\u00e3o na OCDE em 2017.\u00a0<span style=\"font-weight: 400\">De acordo com uma fonte do governo, &#8220;h\u00e1 uma interpreta\u00e7\u00e3o totalmente equivocada dessa indica\u00e7\u00e3o americana sobre Argentina e Rom\u00eania&#8221;, contudo, as autoridades j\u00e1 tinham consci\u00eancia de que a Argentina estava na frente.\u00a0 &#8220;Nada mudou no apoio americano ao Brasil. A quest\u00e3o \u00e9 que ainda n\u00e3o h\u00e1 um segundo candidato europeu com apoio americano que possa come\u00e7ar o processo junto com o Brasil, para manter a paridade entre novos membros europeus e n\u00e3o-europeus (algo de que os europeus fazem quest\u00e3o). A Argentina j\u00e1 tinha o apoio americano antes de n\u00f3s, n\u00e3o temos problema nenhum com essa posi\u00e7\u00e3o de que a Argentina comece o processo junto com a Rom\u00eania. Continuamos nos preparando para ingressar. N\u00e3o h\u00e1 um tempo definido para a dura\u00e7\u00e3o do processo de ades\u00e3o. O Brasil pode come\u00e7ar o processo um pouco depois e terminar antes, pois temos j\u00e1 um \u00f3timo n\u00edvel de prepara\u00e7\u00e3o e incorpora\u00e7\u00e3o das normas&#8221;, disse a fonte ao <strong>Blog<\/strong>.<\/span><\/p>\n<p>&nbsp;<\/p>\n<p>&nbsp;<\/p>\n<p>&nbsp;<\/p>\n<p>&nbsp;<\/p>\n<p>&nbsp;<\/p>\n<p>&nbsp;<\/p>\n<p>&nbsp;<\/p>\n","protected":false},"excerpt":{"rendered":"<p>ROSANA HESSEL &nbsp; A not\u00edcia da carta do secret\u00e1rio de Estado dos Estados Unidos, Michael Pompeo, para o secret\u00e1rio-geral da Organiza\u00e7\u00e3o para a Coopera\u00e7\u00e3o e Desenvolvimento Econ\u00f4mico (OCDE), \u00c1ngel Gurr\u00eda, divulgada pela Bloomberg News, na qual a Casa Branca n\u00e3o endossa a candidatura do Brasil como pa\u00eds membro, indicando apenas Argentina e Rom\u00eania, deixou a [&hellip;]<\/p>\n","protected":false},"author":22,"featured_media":0,"comment_status":"open","ping_status":"closed","sticky":false,"template":"","format":"standard","meta":{"footnotes":""},"categories":[600],"tags":[378,3637,2922,4173,2240,3613],"class_list":["post-11990","post","type-post","status-publish","format-standard","hentry","category-economia","tag-brasil","tag-eua","tag-jair-bolsonaro","tag-michael-pompeo","tag-ocde","tag-paulo-guedes"],"_links":{"self":[{"href":"https:\/\/blogs.correiobraziliense.com.br\/vicente\/wp-json\/wp\/v2\/posts\/11990","targetHints":{"allow":["GET"]}}],"collection":[{"href":"https:\/\/blogs.correiobraziliense.com.br\/vicente\/wp-json\/wp\/v2\/posts"}],"about":[{"href":"https:\/\/blogs.correiobraziliense.com.br\/vicente\/wp-json\/wp\/v2\/types\/post"}],"author":[{"embeddable":true,"href":"https:\/\/blogs.correiobraziliense.com.br\/vicente\/wp-json\/wp\/v2\/users\/22"}],"replies":[{"embeddable":true,"href":"https:\/\/blogs.correiobraziliense.com.br\/vicente\/wp-json\/wp\/v2\/comments?post=11990"}],"version-history":[{"count":10,"href":"https:\/\/blogs.correiobraziliense.com.br\/vicente\/wp-json\/wp\/v2\/posts\/11990\/revisions"}],"predecessor-version":[{"id":12026,"href":"https:\/\/blogs.correiobraziliense.com.br\/vicente\/wp-json\/wp\/v2\/posts\/11990\/revisions\/12026"}],"wp:attachment":[{"href":"https:\/\/blogs.correiobraziliense.com.br\/vicente\/wp-json\/wp\/v2\/media?parent=11990"}],"wp:term":[{"taxonomy":"category","embeddable":true,"href":"https:\/\/blogs.correiobraziliense.com.br\/vicente\/wp-json\/wp\/v2\/categories?post=11990"},{"taxonomy":"post_tag","embeddable":true,"href":"https:\/\/blogs.correiobraziliense.com.br\/vicente\/wp-json\/wp\/v2\/tags?post=11990"}],"curies":[{"name":"wp","href":"https:\/\/api.w.org\/{rel}","templated":true}]}}