{"id":11966,"date":"2019-10-10T12:43:52","date_gmt":"2019-10-10T15:43:52","guid":{"rendered":"https:\/\/blogs.correiobraziliense.com.br\/vicente\/?p=11966"},"modified":"2019-10-10T20:01:17","modified_gmt":"2019-10-10T23:01:17","slug":"eua-se-recusam-apoiar-entrada-do-brasil-na-ocde","status":"publish","type":"post","link":"https:\/\/blogs.correiobraziliense.com.br\/vicente\/eua-se-recusam-apoiar-entrada-do-brasil-na-ocde\/","title":{"rendered":"EUA se recusam a apoiar entrada do Brasil na OCDE"},"content":{"rendered":"<h2>ROSANA HESSEL<\/h2>\n<h2><\/h2>\n<p>O governo dos Estados Unidos se recusou a endossar a candidatura do Brasil para ser membro da Organiza\u00e7\u00e3o para a Coopera\u00e7\u00e3o e Desenvolvimento Econ\u00f4mico (<strong>OCDE<\/strong>), de acordo com a <em>Bloomberg News<\/em>, que informou ter tido acesso a uma c\u00f3pia da carta do secret\u00e1rio de Estado dos EUA, <strong>Michael Pompeo<\/strong>, rejeitando o pedido para discutir a inclus\u00e3o de novos pa\u00edses no chamado \u201cclube dos pa\u00edses ricos\u201d.<\/p>\n<h2><\/h2>\n<p>Segundo a ag\u00eancia norte-americana, Pompeo afirmou na carta enviada em 28 de agosto ao secret\u00e1rio-geral da OCDE, \u00c1ngel Gurr\u00eda, que Washington apenas apoiou os pedidos da Argentina e da Rom\u00eania. \u201cO governo dos EUA continua preferindo um aumento no n\u00famero de integrantes (da OCDE) mais comedido\u201d, diz o documento.<\/p>\n<p>&nbsp;<\/p>\n<p>Ainda de acordo com a <em>Bloomberg<\/em>, com base em uma informa\u00e7\u00e3o de um funcion\u00e1rio do governo norte-americano que pediu para n\u00e3o ser identificado, o governo dos EUA trabalha mais para apoiar a entrada da Argentina e da Rom\u00eania na OCDE.\u00a0\u00a0O Brasil apresentou seu pedido de ades\u00e3o \u00e0 OCDE em maio de 2017.<\/p>\n<p>&nbsp;<\/p>\n<p>No entanto, a mensagem do secret\u00e1rio norte-americano n\u00e3o corresponde com as declara\u00e7\u00f5es p\u00fablicas do presidente dos Estados Unidos, Donald Trump. Em mar\u00e7o, ele disse ao presidente Jair Bolsonaro, durante a visita do chefe do Executivo brasileiro \u00e0 Casa Branca, <a href=\"https:\/\/www.correiobraziliense.com.br\/app\/noticia\/politica\/2019\/03\/19\/interna_politica,743917\/trump-se-diz-a-favor-do-brasil-na-ocde-e-pede-apoio-com-a-venezuela.shtml\">que apoiava o Brasil na ades\u00e3o ao grupo dos pa\u00edses ricos, com a condi\u00e7\u00e3o de que Bras\u00edlia abra m\u00e3o da condi\u00e7\u00e3o de economia em desenvolvimento na Organiza\u00e7\u00e3o Mundial do Com\u00e9rcio (OMC)<\/a>, algo que n\u00e3o foi exigido para outros emergentes, como M\u00e9xico.<\/p>\n<p>&nbsp;<\/p>\n<p>Em troca do apoio, o\u00a0governo Bolsonaro ainda concedeu aos EUA, por exemplo, acesso \u00e0 plataforma de lan\u00e7amento de foguetes de Alc\u00e2ntara e viagens sem visto para os EUA turistas. Trump, em troca, cumpriu seu compromisso de designar o Brasil como um aliado especial n\u00e3o pertencente \u00e0 Organiza\u00e7\u00e3o do Tratado do Atl\u00e2ntico Norte (OTAN).\u00a0Em julho, o secret\u00e1rio de Com\u00e9rcio norte-americano, Wilbur Ross, reiterou o apoio de Washington ao Brasil durante uma visita ao Brasil.<\/p>\n<p>&nbsp;<\/p>\n<p>Fundada em 1961, a OCDE possui atualmente 36 pa\u00edses membros, e, uma das principais exig\u00eancias que o Brasil ter\u00e1 de que cumprir\u00a0 para conseguir ser aceito \u00e9 melhorar o combate \u00e0 corrup\u00e7\u00e3o.<\/p>\n<p>&nbsp;<\/p>\n<p>Procurada, a assessoria de imprensa da OCDE disse n\u00e3o ter coment\u00e1rios sobre esse assunto e informou que existem seis pedidos de candidatura sendo analisados pela entidade. &#8220;Confirmamos que seis membros em potencial se inscreveram na OCDE e est\u00e3o atualmente sob considera\u00e7\u00e3o pelo Conselho de Administra\u00e7\u00e3o da OCDE, assim como a ades\u00e3o \u00e0 organiza\u00e7\u00e3o. N\u00e3o comentamos as discuss\u00f5es em andamento, que s\u00e3o confidenciais&#8221;, informou.<\/p>\n<p>&nbsp;<\/p>\n<p>O Minist\u00e9rio da Economia tamb\u00e9m n\u00e3o comentou o assunto.<\/p>\n","protected":false},"excerpt":{"rendered":"<p>ROSANA HESSEL O governo dos Estados Unidos se recusou a endossar a candidatura do Brasil para ser membro da Organiza\u00e7\u00e3o para a Coopera\u00e7\u00e3o e Desenvolvimento Econ\u00f4mico (OCDE), de acordo com a Bloomberg News, que informou ter tido acesso a uma c\u00f3pia da carta do secret\u00e1rio de Estado dos EUA, Michael Pompeo, rejeitando o pedido para [&hellip;]<\/p>\n","protected":false},"author":22,"featured_media":11969,"comment_status":"open","ping_status":"closed","sticky":false,"template":"","format":"standard","meta":{"footnotes":""},"categories":[600],"tags":[4172,2554,378,3637,2240,4151,2311],"class_list":["post-11966","post","type-post","status-publish","format-standard","has-post-thumbnail","hentry","category-economia","tag-bloomberg","tag-bolsonaro","tag-brasil","tag-eua","tag-ocde","tag-omc","tag-trump"],"_links":{"self":[{"href":"https:\/\/blogs.correiobraziliense.com.br\/vicente\/wp-json\/wp\/v2\/posts\/11966","targetHints":{"allow":["GET"]}}],"collection":[{"href":"https:\/\/blogs.correiobraziliense.com.br\/vicente\/wp-json\/wp\/v2\/posts"}],"about":[{"href":"https:\/\/blogs.correiobraziliense.com.br\/vicente\/wp-json\/wp\/v2\/types\/post"}],"author":[{"embeddable":true,"href":"https:\/\/blogs.correiobraziliense.com.br\/vicente\/wp-json\/wp\/v2\/users\/22"}],"replies":[{"embeddable":true,"href":"https:\/\/blogs.correiobraziliense.com.br\/vicente\/wp-json\/wp\/v2\/comments?post=11966"}],"version-history":[{"count":16,"href":"https:\/\/blogs.correiobraziliense.com.br\/vicente\/wp-json\/wp\/v2\/posts\/11966\/revisions"}],"predecessor-version":[{"id":12002,"href":"https:\/\/blogs.correiobraziliense.com.br\/vicente\/wp-json\/wp\/v2\/posts\/11966\/revisions\/12002"}],"wp:featuredmedia":[{"embeddable":true,"href":"https:\/\/blogs.correiobraziliense.com.br\/vicente\/wp-json\/wp\/v2\/media\/11969"}],"wp:attachment":[{"href":"https:\/\/blogs.correiobraziliense.com.br\/vicente\/wp-json\/wp\/v2\/media?parent=11966"}],"wp:term":[{"taxonomy":"category","embeddable":true,"href":"https:\/\/blogs.correiobraziliense.com.br\/vicente\/wp-json\/wp\/v2\/categories?post=11966"},{"taxonomy":"post_tag","embeddable":true,"href":"https:\/\/blogs.correiobraziliense.com.br\/vicente\/wp-json\/wp\/v2\/tags?post=11966"}],"curies":[{"name":"wp","href":"https:\/\/api.w.org\/{rel}","templated":true}]}}