{"id":11959,"date":"2019-10-07T19:57:54","date_gmt":"2019-10-07T22:57:54","guid":{"rendered":"https:\/\/blogs.correiobraziliense.com.br\/vicente\/?p=11959"},"modified":"2019-10-08T12:05:05","modified_gmt":"2019-10-08T15:05:05","slug":"diretoria-e-conselho-decidem-encerrar-as-atividades-de-creche-da-assefe","status":"publish","type":"post","link":"https:\/\/blogs.correiobraziliense.com.br\/vicente\/diretoria-e-conselho-decidem-encerrar-as-atividades-de-creche-da-assefe\/","title":{"rendered":"Diretoria e Conselho decidem encerrar as atividades de creche da Assefe"},"content":{"rendered":"<h2><span style=\"font-weight: 400\">ROSANA HESSEL<\/span><\/h2>\n<h2><\/h2>\n<h2><span style=\"font-weight: 400\">Diante de uma crise financeira, a diretoria executiva e o Conselho Deliberativo do Centro de Educa\u00e7\u00e3o Infantil dos Servidores do Senado Federal (Cei-Assefe) decidiram encerrar as atividades da escola a partir de 2020, para a surpresa dos pais. Eles\u00a0<\/span><span style=\"font-weight: 400\">foram informados por meio de uma carta enviada nesta segunda-feira (07\/10).\u00a0\u00a0<\/span><\/h2>\n<h2><\/h2>\n<p><span style=\"font-weight: 400\">O documento assinado pela presidente da Assefe, Maria Ivoneide Vasconcelos Soares e ao qual o <strong>Blog<\/strong> teve acesso, destacou que os \u00faltimos exerc\u00edcios financeiros &#8220;t\u00eam gerado deficits que est\u00e3o impactando de modo significativo o balan\u00e7o&#8221; da institui\u00e7\u00e3o.\u00a0<\/span><\/p>\n<p>&nbsp;<\/p>\n<p><span style=\"font-weight: 400\">De acordo com fontes pr\u00f3ximas aos pais de alunos da creche, a decis\u00e3o foi unilateral, tomada sem um aviso pr\u00e9vio sobre a situa\u00e7\u00e3o financeira da institui\u00e7\u00e3o ou realiza\u00e7\u00e3o de uma assembleia. A mensalidade varia de R$ 2 mil a R$ 4 mil.<\/span><\/p>\n<p>&nbsp;<\/p>\n<p><span style=\"font-weight: 400\">Procurada, a presidente da Assefe declarou que a notifica\u00e7\u00e3o foi feita agora para que os pais tenham tempo para procurarem outra escola para os filhos no ano que vem.\u00a0\u00a0<\/span><span style=\"font-weight: 400\">\u201cDemoramos muito para tomar essa medida. Ela foi muito dolorosa. Foi uma decis\u00e3o em conjunto porque a opera\u00e7\u00e3o n\u00e3o estava se sustentando financeiramente para mantermos a mesma qualidade do servi\u00e7o prestado\u201d, explicou.\u00a0<\/span><\/p>\n<p>&nbsp;<\/p>\n<p><span style=\"font-weight: 400\">Desde 2017, segundo a presidente da Assefe, a creche vem sofrendo perda de alunos e, hoje, n\u00e3o \u00e9 mais poss\u00edvel manter a qualidade com o atual pre\u00e7o da mensalidade. Ela contou que n\u00e3o h\u00e1 condi\u00e7\u00e3o de aumentar a mensalidade com a atual conjuntura e, por conta disso, a diretoria e os integrantes do conselho decidiram encerrar as atividades do que rebaixar o padr\u00e3o de atendimento.\u00a0<\/span><\/p>\n<p>&nbsp;<\/p>\n<p><span style=\"font-weight: 400\">Atualmente, s\u00e3o 160 alunos atendidos pela creche fundada h\u00e1 pouco mais de 30 anos, de acordo com Maria Ivoneide. No auge da opera\u00e7\u00e3o, o pico chegou perto de 300 crian\u00e7as na unidade que fica dentro do clube dos servidores do Senado. Hoje, inclusive, ela \u00e9 aberta para quem n\u00e3o \u00e9 servidor. Mas, a executiva lembrou que, mesmo assim, n\u00e3o est\u00e1 sendo poss\u00edvel mais que manter a escola vi\u00e1vel financeiramente, pois o n\u00famero de funcion\u00e1rios, em torno de 110, est\u00e1 se aproximando ao de alunos. \u201cA creche sempre foi um modelo e n\u00e3o d\u00e1 para tirar monitores e todas vantagens que ela oferecia, como a professora, mais tr\u00eas monitores por sala, nutricionista, pedagogo, psic\u00f3logo, tudo o que fazia a creche uma refer\u00eancia em Bras\u00edlia\u201d, justificou.\u00a0<\/span><\/p>\n<p>&nbsp;<\/p>\n<p><span style=\"font-weight: 400\">A seguir, segue a \u00edntegra da carta enviada aos pais da creche da Assefe:<\/span><\/p>\n<p>&nbsp;<\/p>\n<p><strong><i>CARTA INFORMATIVA AOS PAIS<\/i><\/strong><\/p>\n<p>&nbsp;<\/p>\n<p><strong><i>O Cei-Assefe, Centro de Educa\u00e7\u00e3o Infantil dos Servidores do Senado Federal tem orgulho<\/i><\/strong><\/p>\n<p><strong><i>de ser uma das institui\u00e7\u00f5es pioneiras no Distrito Federal em prestar servi\u00e7os qualidade de<\/i><\/strong><\/p>\n<p><strong><i>educa\u00e7\u00e3o infantil, reconhecido como tal em seu segmento e no seio da sociedade.<\/i><\/strong><\/p>\n<p>&nbsp;<\/p>\n<p><strong><i>A iniciativa de prestar estes servi\u00e7os aos associados decorreu da necessidade, \u00e0 \u00e9poca,<\/i><\/strong><\/p>\n<p><strong><i>de atender aos filhos dos servidores do Senado Federal eis que se tratava de um servi\u00e7o pouco<\/i><\/strong><\/p>\n<p><strong><i>ofertado e com uma proposta de promover uma educa\u00e7\u00e3o infantil inovadora e com aten\u00e7\u00e3o, zelo e carinho \u00e0s crian\u00e7as.<\/i><\/strong><\/p>\n<p>&nbsp;<\/p>\n<p><strong><i>Passados mais de tr\u00eas d\u00e9cadas, a situa\u00e7\u00e3o que motivou a cria\u00e7\u00e3o da Creche j\u00e1 n\u00e3o \u00e9 a<\/i><\/strong><\/p>\n<p><strong><i>mesma, seja em raz\u00e3o do contexto social e econ\u00f4mico, bem como pelo fato da exist\u00eancia de<\/i><\/strong><\/p>\n<p><strong><i>in\u00fameras op\u00e7\u00f5es de servi\u00e7os similares prestados, tamb\u00e9m de boa qualidade, capazes de atender aos associados.<\/i><\/strong><\/p>\n<p>&nbsp;<\/p>\n<p><strong><i>N\u00e3o sendo mais uma atividade em que h\u00e1 car\u00eancia no mercado de oferta desse servi\u00e7o,<\/i><\/strong><\/p>\n<p><strong><i>n\u00e3o subsistindo mais a necessidade que motivou a Assefe a albergar essa atividade, na atual<\/i><\/strong><\/p>\n<p><strong><i>conjuntura, passou a configurar relativo desvirtuamento do objeto social do Clube Assefe.<\/i><\/strong><\/p>\n<p>&nbsp;<\/p>\n<p><strong><i>Por outro lado, a Assefe quando assumiu o encargo de ofertar educa\u00e7\u00e3o infantil aos<\/i><\/strong><\/p>\n<p><strong><i>associados, n\u00e3o mediu esfor\u00e7os para assegurar qualidade, seguran\u00e7a, efici\u00eancia e aten\u00e7\u00e3o<\/i><\/strong><\/p>\n<p><strong><i>m\u00e1xima \u00e0s crian\u00e7as, sem \u00eanfase em alcan\u00e7ar super\u00e1vit financeiro na opera\u00e7\u00e3o. Contudo, os<\/i><\/strong><\/p>\n<p><strong><i>\u00faltimos exerc\u00edcios financeiros tem gerado d\u00e9ficits que est\u00e3o impactando de modo significativo o<\/i><\/strong><\/p>\n<p><strong><i>balan\u00e7o da Assefe.<\/i><\/strong><\/p>\n<p>&nbsp;<\/p>\n<p><strong><i>Diante disso, a Diretoria Executiva e o Conselho Deliberativo, conjuntamente, tomaram<\/i><\/strong><\/p>\n<p><strong><i>a decis\u00e3o de n\u00e3o dar mais continuidade \u00e0 atividade de educa\u00e7\u00e3o infantil a partir do ano de 2020.<\/i><\/strong><\/p>\n<p>&nbsp;<\/p>\n<p><strong><i>Consignamos que o Cei-Assefe continuar\u00e1 funcionando normalmente at\u00e9 o<\/i><\/strong><\/p>\n<p><strong><i>encerramento das atividades letivas deste ano sem qualquer intercorr\u00eancia, preservada a<\/i><\/strong><\/p>\n<p><strong><i>qualidade, seguran\u00e7a e compromisso que sempre marcaram a atua\u00e7\u00e3o da Creche em sua<\/i><\/strong><\/p>\n<p><strong><i>Atividade.<\/i><\/strong><\/p>\n<p>&nbsp;<\/p>\n<p><strong><i>Atenciosamente,<\/i><\/strong><\/p>\n<p>&nbsp;<\/p>\n<p><strong><i>Maria Ivoneide Vasconcelos Soares<\/i><\/strong><\/p>\n<p><strong><i>Presidente da Assefe\u00a0<\/i><\/strong><\/p>\n<p>&nbsp;<\/p>\n","protected":false},"excerpt":{"rendered":"<p>ROSANA HESSEL Diante de uma crise financeira, a diretoria executiva e o Conselho Deliberativo do Centro de Educa\u00e7\u00e3o Infantil dos Servidores do Senado Federal (Cei-Assefe) decidiram encerrar as atividades da escola a partir de 2020, para a surpresa dos pais. Eles\u00a0foram informados por meio de uma carta enviada nesta segunda-feira (07\/10).\u00a0\u00a0 O documento assinado pela [&hellip;]<\/p>\n","protected":false},"author":22,"featured_media":0,"comment_status":"open","ping_status":"closed","sticky":false,"template":"","format":"standard","meta":{"footnotes":""},"categories":[600],"tags":[4170,4171,179,586],"class_list":["post-11959","post","type-post","status-publish","format-standard","hentry","category-economia","tag-assefe","tag-creche","tag-crise","tag-senado"],"_links":{"self":[{"href":"https:\/\/blogs.correiobraziliense.com.br\/vicente\/wp-json\/wp\/v2\/posts\/11959","targetHints":{"allow":["GET"]}}],"collection":[{"href":"https:\/\/blogs.correiobraziliense.com.br\/vicente\/wp-json\/wp\/v2\/posts"}],"about":[{"href":"https:\/\/blogs.correiobraziliense.com.br\/vicente\/wp-json\/wp\/v2\/types\/post"}],"author":[{"embeddable":true,"href":"https:\/\/blogs.correiobraziliense.com.br\/vicente\/wp-json\/wp\/v2\/users\/22"}],"replies":[{"embeddable":true,"href":"https:\/\/blogs.correiobraziliense.com.br\/vicente\/wp-json\/wp\/v2\/comments?post=11959"}],"version-history":[{"count":4,"href":"https:\/\/blogs.correiobraziliense.com.br\/vicente\/wp-json\/wp\/v2\/posts\/11959\/revisions"}],"predecessor-version":[{"id":11963,"href":"https:\/\/blogs.correiobraziliense.com.br\/vicente\/wp-json\/wp\/v2\/posts\/11959\/revisions\/11963"}],"wp:attachment":[{"href":"https:\/\/blogs.correiobraziliense.com.br\/vicente\/wp-json\/wp\/v2\/media?parent=11959"}],"wp:term":[{"taxonomy":"category","embeddable":true,"href":"https:\/\/blogs.correiobraziliense.com.br\/vicente\/wp-json\/wp\/v2\/categories?post=11959"},{"taxonomy":"post_tag","embeddable":true,"href":"https:\/\/blogs.correiobraziliense.com.br\/vicente\/wp-json\/wp\/v2\/tags?post=11959"}],"curies":[{"name":"wp","href":"https:\/\/api.w.org\/{rel}","templated":true}]}}