{"id":11953,"date":"2019-10-07T16:09:11","date_gmt":"2019-10-07T19:09:11","guid":{"rendered":"https:\/\/blogs.correiobraziliense.com.br\/vicente\/?p=11953"},"modified":"2019-10-07T16:09:11","modified_gmt":"2019-10-07T19:09:11","slug":"estrategista-da-xp-passa-integrar-equipe-de-salim-mattar","status":"publish","type":"post","link":"https:\/\/blogs.correiobraziliense.com.br\/vicente\/estrategista-da-xp-passa-integrar-equipe-de-salim-mattar\/","title":{"rendered":"Estrategista da XP passa integrar equipe de Salim Mattar"},"content":{"rendered":"<h2><span style=\"font-weight: 400\">ROSANA HESSEL<\/span><\/h2>\n<h2><\/h2>\n<h2><span style=\"font-weight: 400\">O economista Daniel Cunha, estrategista-chefe da XP Investimentos em Nova York, onde atuou por cinco anos, \u00e9 o mais novo integrante da equipe do secret\u00e1rio especial de Desestatiza\u00e7\u00e3o, Desinvestimento e Mercados do Minist\u00e9rio da Economia, Salim Mattar.\u00a0<\/span><\/h2>\n<h2><\/h2>\n<p><span style=\"font-weight: 400\">Conforme portaria publicada nesta segunda-feira (07\/10) no <\/span><i><span style=\"font-weight: 400\">Di\u00e1rio Oficial da Uni\u00e3o<\/span><\/i><span style=\"font-weight: 400\">, Cunha chefiar\u00e1 uma diretoria de programas da pasta. O economista assinou hoje o termo de posse e j\u00e1 est\u00e1 despachando com o novo chefe.<\/span><\/p>\n<p>&nbsp;<\/p>\n<p><span style=\"font-weight: 400\">Mattar anunciou, na semana passada passada, um novo levantamento feito pela equipe chefiada por ele identificando a exist\u00eancia de 637 empresas controladas diretamente ou indiretamente pela Uni\u00e3o. Desse total, 46 t\u00eam controle direto do governo federal, das quais 18 s\u00e3o dependentes. Outras 159 s\u00e3o subsidi\u00e1rias e 199, de simples participa\u00e7\u00e3o.\u00a0<\/span><\/p>\n<p>&nbsp;<\/p>\n<p><span style=\"font-weight: 400\">Apenas a BNDESPar, subsidi\u00e1ria do Banco Nacional de Desenvolvimento Econ\u00f4mico e Social (BNDES), tem participa\u00e7\u00e3o em 102 empresas p\u00fablicas e privadas, sendo 33 de capital aberto e 69 de capital fechado. No \u00faltimo boletim trimestral da pasta, havia 133 estatais federais.\u00a0<\/span><span style=\"font-weight: 400\">Segundo o secret\u00e1rio, esses dados mostram um &#8220;Estado empres\u00e1rio&#8221; e o atual governo pretende se desfazer &#8220;do maior n\u00famero de estatais poss\u00edvel&#8221;. Contudo ele admitiu que o ritmo de privatiza\u00e7\u00f5es \u00e9 menor do que o esperado no in\u00edcio do ano.\u00a0<\/span><\/p>\n<p>&nbsp;<\/p>\n","protected":false},"excerpt":{"rendered":"<p>ROSANA HESSEL O economista Daniel Cunha, estrategista-chefe da XP Investimentos em Nova York, onde atuou por cinco anos, \u00e9 o mais novo integrante da equipe do secret\u00e1rio especial de Desestatiza\u00e7\u00e3o, Desinvestimento e Mercados do Minist\u00e9rio da Economia, Salim Mattar.\u00a0 Conforme portaria publicada nesta segunda-feira (07\/10) no Di\u00e1rio Oficial da Uni\u00e3o, Cunha chefiar\u00e1 uma diretoria de [&hellip;]<\/p>\n","protected":false},"author":22,"featured_media":0,"comment_status":"open","ping_status":"closed","sticky":false,"template":"","format":"standard","meta":{"footnotes":""},"categories":[600],"tags":[4168,177,3666,3978,4169],"class_list":["post-11953","post","type-post","status-publish","format-standard","hentry","category-economia","tag-daniel-cunha","tag-estatais","tag-ministerio-da-economia","tag-salim-mattar","tag-xp"],"_links":{"self":[{"href":"https:\/\/blogs.correiobraziliense.com.br\/vicente\/wp-json\/wp\/v2\/posts\/11953","targetHints":{"allow":["GET"]}}],"collection":[{"href":"https:\/\/blogs.correiobraziliense.com.br\/vicente\/wp-json\/wp\/v2\/posts"}],"about":[{"href":"https:\/\/blogs.correiobraziliense.com.br\/vicente\/wp-json\/wp\/v2\/types\/post"}],"author":[{"embeddable":true,"href":"https:\/\/blogs.correiobraziliense.com.br\/vicente\/wp-json\/wp\/v2\/users\/22"}],"replies":[{"embeddable":true,"href":"https:\/\/blogs.correiobraziliense.com.br\/vicente\/wp-json\/wp\/v2\/comments?post=11953"}],"version-history":[{"count":1,"href":"https:\/\/blogs.correiobraziliense.com.br\/vicente\/wp-json\/wp\/v2\/posts\/11953\/revisions"}],"predecessor-version":[{"id":11954,"href":"https:\/\/blogs.correiobraziliense.com.br\/vicente\/wp-json\/wp\/v2\/posts\/11953\/revisions\/11954"}],"wp:attachment":[{"href":"https:\/\/blogs.correiobraziliense.com.br\/vicente\/wp-json\/wp\/v2\/media?parent=11953"}],"wp:term":[{"taxonomy":"category","embeddable":true,"href":"https:\/\/blogs.correiobraziliense.com.br\/vicente\/wp-json\/wp\/v2\/categories?post=11953"},{"taxonomy":"post_tag","embeddable":true,"href":"https:\/\/blogs.correiobraziliense.com.br\/vicente\/wp-json\/wp\/v2\/tags?post=11953"}],"curies":[{"name":"wp","href":"https:\/\/api.w.org\/{rel}","templated":true}]}}