{"id":11928,"date":"2019-10-04T11:59:17","date_gmt":"2019-10-04T14:59:17","guid":{"rendered":"https:\/\/blogs.correiobraziliense.com.br\/vicente\/?p=11928"},"modified":"2019-10-04T20:17:20","modified_gmt":"2019-10-04T23:17:20","slug":"consumidor-protege-o-futuro","status":"publish","type":"post","link":"https:\/\/blogs.correiobraziliense.com.br\/vicente\/consumidor-protege-o-futuro\/","title":{"rendered":"Consumidor protege o futuro"},"content":{"rendered":"<p>O mercado de seguro de vida e previd\u00eancia est\u00e1 em expans\u00e3o no Brasil, gra\u00e7as \u00e0 decis\u00e3o dos consumidores de protegerem o futuro. A multinacional Mongeral Aegon, especialista neste ramo, registrou um primeiro semestre positivo, a despeito da crise que assola o pa\u00eds.<\/p>\n<p>&nbsp;<\/p>\n<p>A seguradora apresentou crescimento de 10% entre janeiro e junho, com as receitas totalizando R$ 673 milh\u00f5es e o capital segurado passando de R$ 380 bilh\u00f5es.<\/p>\n<p>&nbsp;<\/p>\n<p>&#8220;Esse resultado expressivo \u00e9 consequ\u00eancia da forte dedica\u00e7\u00e3o no portf\u00f3lio de solu\u00e7\u00f5es, um dos mais modernos e completos do mercado brasileiro&#8221;, diz\u00a0Raphael Barreto, diretor Financeiro da empresa.<\/p>\n<p>&nbsp;<\/p>\n<p>Al\u00e9m disso, acrescenta o executivo, a companhia permanece investindo em programas e projetos voltados para inova\u00e7\u00e3o e tecnologia. &#8220;Essa conjun\u00e7\u00e3o de fatores tem contribu\u00eddo para o crescimento sustentado da Mongeral Aegon, que teve alta acima dos dois d\u00edgitos na m\u00e9dia anual da \u00faltima d\u00e9cada&#8221;, frisa.<\/p>\n<p>&nbsp;<\/p>\n<p><em>Bras\u00edlia, 11h59min<\/em><\/p>\n","protected":false},"excerpt":{"rendered":"<p>O mercado de seguro de vida e previd\u00eancia est\u00e1 em expans\u00e3o no Brasil, gra\u00e7as \u00e0 decis\u00e3o dos consumidores de protegerem o futuro. A multinacional Mongeral Aegon, especialista neste ramo, registrou um primeiro semestre positivo, a despeito da crise que assola o pa\u00eds. &nbsp; A seguradora apresentou crescimento de 10% entre janeiro e junho, com as [&hellip;]<\/p>\n","protected":false},"author":22,"featured_media":0,"comment_status":"open","ping_status":"closed","sticky":false,"template":"","format":"standard","meta":{"footnotes":""},"categories":[600],"tags":[],"class_list":["post-11928","post","type-post","status-publish","format-standard","hentry","category-economia"],"_links":{"self":[{"href":"https:\/\/blogs.correiobraziliense.com.br\/vicente\/wp-json\/wp\/v2\/posts\/11928","targetHints":{"allow":["GET"]}}],"collection":[{"href":"https:\/\/blogs.correiobraziliense.com.br\/vicente\/wp-json\/wp\/v2\/posts"}],"about":[{"href":"https:\/\/blogs.correiobraziliense.com.br\/vicente\/wp-json\/wp\/v2\/types\/post"}],"author":[{"embeddable":true,"href":"https:\/\/blogs.correiobraziliense.com.br\/vicente\/wp-json\/wp\/v2\/users\/22"}],"replies":[{"embeddable":true,"href":"https:\/\/blogs.correiobraziliense.com.br\/vicente\/wp-json\/wp\/v2\/comments?post=11928"}],"version-history":[{"count":1,"href":"https:\/\/blogs.correiobraziliense.com.br\/vicente\/wp-json\/wp\/v2\/posts\/11928\/revisions"}],"predecessor-version":[{"id":11929,"href":"https:\/\/blogs.correiobraziliense.com.br\/vicente\/wp-json\/wp\/v2\/posts\/11928\/revisions\/11929"}],"wp:attachment":[{"href":"https:\/\/blogs.correiobraziliense.com.br\/vicente\/wp-json\/wp\/v2\/media?parent=11928"}],"wp:term":[{"taxonomy":"category","embeddable":true,"href":"https:\/\/blogs.correiobraziliense.com.br\/vicente\/wp-json\/wp\/v2\/categories?post=11928"},{"taxonomy":"post_tag","embeddable":true,"href":"https:\/\/blogs.correiobraziliense.com.br\/vicente\/wp-json\/wp\/v2\/tags?post=11928"}],"curies":[{"name":"wp","href":"https:\/\/api.w.org\/{rel}","templated":true}]}}