{"id":11926,"date":"2019-10-04T10:36:36","date_gmt":"2019-10-04T13:36:36","guid":{"rendered":"https:\/\/blogs.correiobraziliense.com.br\/vicente\/?p=11926"},"modified":"2019-10-04T19:56:38","modified_gmt":"2019-10-04T22:56:38","slug":"um-projeto-para-pessoas-especiais","status":"publish","type":"post","link":"https:\/\/blogs.correiobraziliense.com.br\/vicente\/um-projeto-para-pessoas-especiais\/","title":{"rendered":"Um projeto para pessoas especiais"},"content":{"rendered":"<h2>Nem tudo \u00e9 not\u00edcia ruim no Rio de janeiro. Neste domingo, 6 de outubro, o Parque Estadual da Chacrinha, em Copacabana, capitaneado pela prefeitura da cidade, em parceria com a Secretaria Municipal de Meio Ambiente (Smac) e a ONG N\u00f3s na Fita, voltada para pessoas especiais, promover\u00e1 O Circo da Inclus\u00e3o.<\/h2>\n<p>&nbsp;<\/p>\n<p>Cerca de 300 crian\u00e7as, adolescentes e adultos especiais, com as respectivas fam\u00edlias, participar\u00e3o de uma s\u00e9rie de atividades que passam por apresenta\u00e7\u00f5es musicais, pain\u00e9is de desenhos, pinturas, piquenique, entre outros eventos.<\/p>\n<p>&nbsp;<\/p>\n<p>Tudo acontecer\u00e1 debaixo de uma tenda de circo e os monitores especializados, todos volunt\u00e1rios. As atividades s\u00e3o gratuitas.<\/p>\n<p>&nbsp;<\/p>\n<p><em>Bras\u00edlia, 10h36min<\/em><\/p>\n","protected":false},"excerpt":{"rendered":"<p>Nem tudo \u00e9 not\u00edcia ruim no Rio de janeiro. Neste domingo, 6 de outubro, o Parque Estadual da Chacrinha, em Copacabana, capitaneado pela prefeitura da cidade, em parceria com a Secretaria Municipal de Meio Ambiente (Smac) e a ONG N\u00f3s na Fita, voltada para pessoas especiais, promover\u00e1 O Circo da Inclus\u00e3o. &nbsp; Cerca de 300 [&hellip;]<\/p>\n","protected":false},"author":22,"featured_media":0,"comment_status":"open","ping_status":"closed","sticky":false,"template":"","format":"standard","meta":{"footnotes":""},"categories":[600],"tags":[4161,4160,4162,273],"class_list":["post-11926","post","type-post","status-publish","format-standard","hentry","category-economia","tag-chacrinha","tag-parque","tag-prefeitura","tag-rio"],"_links":{"self":[{"href":"https:\/\/blogs.correiobraziliense.com.br\/vicente\/wp-json\/wp\/v2\/posts\/11926","targetHints":{"allow":["GET"]}}],"collection":[{"href":"https:\/\/blogs.correiobraziliense.com.br\/vicente\/wp-json\/wp\/v2\/posts"}],"about":[{"href":"https:\/\/blogs.correiobraziliense.com.br\/vicente\/wp-json\/wp\/v2\/types\/post"}],"author":[{"embeddable":true,"href":"https:\/\/blogs.correiobraziliense.com.br\/vicente\/wp-json\/wp\/v2\/users\/22"}],"replies":[{"embeddable":true,"href":"https:\/\/blogs.correiobraziliense.com.br\/vicente\/wp-json\/wp\/v2\/comments?post=11926"}],"version-history":[{"count":1,"href":"https:\/\/blogs.correiobraziliense.com.br\/vicente\/wp-json\/wp\/v2\/posts\/11926\/revisions"}],"predecessor-version":[{"id":11927,"href":"https:\/\/blogs.correiobraziliense.com.br\/vicente\/wp-json\/wp\/v2\/posts\/11926\/revisions\/11927"}],"wp:attachment":[{"href":"https:\/\/blogs.correiobraziliense.com.br\/vicente\/wp-json\/wp\/v2\/media?parent=11926"}],"wp:term":[{"taxonomy":"category","embeddable":true,"href":"https:\/\/blogs.correiobraziliense.com.br\/vicente\/wp-json\/wp\/v2\/categories?post=11926"},{"taxonomy":"post_tag","embeddable":true,"href":"https:\/\/blogs.correiobraziliense.com.br\/vicente\/wp-json\/wp\/v2\/tags?post=11926"}],"curies":[{"name":"wp","href":"https:\/\/api.w.org\/{rel}","templated":true}]}}