{"id":11923,"date":"2019-10-04T15:07:18","date_gmt":"2019-10-04T18:07:18","guid":{"rendered":"https:\/\/blogs.correiobraziliense.com.br\/vicente\/?p=11923"},"modified":"2019-10-04T16:23:27","modified_gmt":"2019-10-04T19:23:27","slug":"eduardo-bolsonaro-faz-devassa-em-vida-de-pessoas-que-lhe-pedem-audiencia","status":"publish","type":"post","link":"https:\/\/blogs.correiobraziliense.com.br\/vicente\/eduardo-bolsonaro-faz-devassa-em-vida-de-pessoas-que-lhe-pedem-audiencia\/","title":{"rendered":"Eduardo Bolsonaro faz devassa em vida de pessoas que lhe pedem audi\u00eancia"},"content":{"rendered":"<p>O deputado Eduardo Bolsonaro (PSL-SP), que deve ser indicado para a embaixada do Brasil em Washington, baixou a linha-dura no seu gabinete na C\u00e2mara.<\/p>\n<p>&nbsp;<\/p>\n<p>Ele s\u00f3 aceita receber pessoas que lhe pedem audi\u00eancia depois de vasculhar a vida delas. Quer saber a quem os poss\u00edveis visitantes est\u00e3o ligados e quais declara\u00e7\u00f5es deram em rela\u00e7\u00e3o ao governo de seu pai, Jair Bolsonaro.<\/p>\n<p>&nbsp;<\/p>\n<p>Os interessados em ter contado com o deputado s\u00e3o obrigados a passar, previamente, uma c\u00f3pia dos documentos, para que a checagem\u00a0 seja feita. O sim ou o n\u00e3o vem alguns dias depois.<\/p>\n<p>&nbsp;<\/p>\n<p>V\u00e1rias pessoas j\u00e1 foram barradas nesse processo. A sele\u00e7\u00e3o, segundo pessoas pr\u00f3ximas do deputado, est\u00e1 cada vez mais rigorosa.<\/p>\n<p>&nbsp;<\/p>\n<p><em>Bras\u00edlia, 15h07<\/em><\/p>\n","protected":false},"excerpt":{"rendered":"<p>O deputado Eduardo Bolsonaro (PSL-SP), que deve ser indicado para a embaixada do Brasil em Washington, baixou a linha-dura no seu gabinete na C\u00e2mara. &nbsp; Ele s\u00f3 aceita receber pessoas que lhe pedem audi\u00eancia depois de vasculhar a vida delas. Quer saber a quem os poss\u00edveis visitantes est\u00e3o ligados e quais declara\u00e7\u00f5es deram em rela\u00e7\u00e3o [&hellip;]<\/p>\n","protected":false},"author":22,"featured_media":11924,"comment_status":"open","ping_status":"closed","sticky":false,"template":"","format":"standard","meta":{"footnotes":""},"categories":[600],"tags":[4158,4004,3715,4159],"class_list":["post-11923","post","type-post","status-publish","format-standard","has-post-thumbnail","hentry","category-economia","tag-devassa","tag-eduardo-bolsonaro","tag-vida","tag-visitantes"],"_links":{"self":[{"href":"https:\/\/blogs.correiobraziliense.com.br\/vicente\/wp-json\/wp\/v2\/posts\/11923","targetHints":{"allow":["GET"]}}],"collection":[{"href":"https:\/\/blogs.correiobraziliense.com.br\/vicente\/wp-json\/wp\/v2\/posts"}],"about":[{"href":"https:\/\/blogs.correiobraziliense.com.br\/vicente\/wp-json\/wp\/v2\/types\/post"}],"author":[{"embeddable":true,"href":"https:\/\/blogs.correiobraziliense.com.br\/vicente\/wp-json\/wp\/v2\/users\/22"}],"replies":[{"embeddable":true,"href":"https:\/\/blogs.correiobraziliense.com.br\/vicente\/wp-json\/wp\/v2\/comments?post=11923"}],"version-history":[{"count":1,"href":"https:\/\/blogs.correiobraziliense.com.br\/vicente\/wp-json\/wp\/v2\/posts\/11923\/revisions"}],"predecessor-version":[{"id":11925,"href":"https:\/\/blogs.correiobraziliense.com.br\/vicente\/wp-json\/wp\/v2\/posts\/11923\/revisions\/11925"}],"wp:featuredmedia":[{"embeddable":true,"href":"https:\/\/blogs.correiobraziliense.com.br\/vicente\/wp-json\/wp\/v2\/media\/11924"}],"wp:attachment":[{"href":"https:\/\/blogs.correiobraziliense.com.br\/vicente\/wp-json\/wp\/v2\/media?parent=11923"}],"wp:term":[{"taxonomy":"category","embeddable":true,"href":"https:\/\/blogs.correiobraziliense.com.br\/vicente\/wp-json\/wp\/v2\/categories?post=11923"},{"taxonomy":"post_tag","embeddable":true,"href":"https:\/\/blogs.correiobraziliense.com.br\/vicente\/wp-json\/wp\/v2\/tags?post=11923"}],"curies":[{"name":"wp","href":"https:\/\/api.w.org\/{rel}","templated":true}]}}