{"id":11882,"date":"2019-09-30T12:45:14","date_gmt":"2019-09-30T15:45:14","guid":{"rendered":"https:\/\/blogs.correiobraziliense.com.br\/vicente\/?p=11882"},"modified":"2019-09-30T12:48:28","modified_gmt":"2019-09-30T15:48:28","slug":"abrasel-e-mastercard-chegam-a-acordo-mas-cade-ainda-vai-investigar","status":"publish","type":"post","link":"https:\/\/blogs.correiobraziliense.com.br\/vicente\/abrasel-e-mastercard-chegam-a-acordo-mas-cade-ainda-vai-investigar\/","title":{"rendered":"Abrasel e MasterCard chegam a acordo, mas Cade ainda vai investigar"},"content":{"rendered":"<p>RODOLFO COSTA<\/p>\n<p>&nbsp;<\/p>\n<p>A MasterCard chegou a um acordo com a Associa\u00e7\u00e3o Brasileira de Bares e Restaurantes (Abrasel) e decidiu voltar atr\u00e1s na decis\u00e3o de elevar em 40% a taxa de interc\u00e2mbio para os empres\u00e1rios do setor aliment\u00edcio. No entanto, o Conselho Administrativo de Defesa Econ\u00f4mica (Cade) ainda vai investigar a gigante do segmento de meios de pagamento por suspeitas de pr\u00e1ticas anticompetitivas. A decis\u00e3o ser\u00e1 formalmente anunciada ainda nesta segunda-feira (30\/9).<\/p>\n<p>&nbsp;<\/p>\n<p>O Cade foi provocado a se manifestar a pedido de entidades como a pr\u00f3pria Abrasel, conforme o <strong>Blog<\/strong> <a href=\"https:\/\/blogs.correiobraziliense.com.br\/vicente\/abrasel-entra-com-representacao-no-cade-contra-mastercard-por-conduta-anticompetitiva\/\"><strong>revelou<\/strong><\/a>. O acordo firmado entre MasterCard e Abrasel, no entanto, n\u00e3o limita a autonomia do conselho em dar continuidade a investiga\u00e7\u00f5es sobre a taxa de interc\u00e2mbio,\u00a0percentual cobrado dos lojistas pelas m\u00e1quinas de cart\u00e3o. A tarifa \u00e9 determinada pela bandeira e \u00e9 utilizada para pagar o banco emissor do cart\u00e3o.<\/p>\n<p>&nbsp;<\/p>\n<p>Da parte da Abrasel, no entanto, a entidade se sente satisfeita com o acordo firmado junto \u00e0 MasterCard. &#8220;Estamos dando por encerrado o assunto.\u00a0 Chegamos a um bom acordo para todos e, principalmente, para os milh\u00f5es de consumidores que, diariamente, demandam servi\u00e7os de bares e restaurantes em todo o pa\u00eds&#8221;, destacou o presidente nacional, Paulo Solmucci. Aos empres\u00e1rios\u00a0do setor, a taxa de interc\u00e2mbio praticada pela MasterCard voltar\u00e1 a ser estipulada em 0,75%, n\u00e3o mais em 1,05%.<\/p>\n","protected":false},"excerpt":{"rendered":"<p>RODOLFO COSTA &nbsp; A MasterCard chegou a um acordo com a Associa\u00e7\u00e3o Brasileira de Bares e Restaurantes (Abrasel) e decidiu voltar atr\u00e1s na decis\u00e3o de elevar em 40% a taxa de interc\u00e2mbio para os empres\u00e1rios do setor aliment\u00edcio. No entanto, o Conselho Administrativo de Defesa Econ\u00f4mica (Cade) ainda vai investigar a gigante do segmento de [&hellip;]<\/p>\n","protected":false},"author":22,"featured_media":0,"comment_status":"open","ping_status":"closed","sticky":false,"template":"","format":"standard","meta":{"footnotes":""},"categories":[600],"tags":[3401,239,4149,4148],"class_list":["post-11882","post","type-post","status-publish","format-standard","hentry","category-economia","tag-abrasel","tag-cade","tag-mastercard","tag-paulo-solmucci"],"_links":{"self":[{"href":"https:\/\/blogs.correiobraziliense.com.br\/vicente\/wp-json\/wp\/v2\/posts\/11882","targetHints":{"allow":["GET"]}}],"collection":[{"href":"https:\/\/blogs.correiobraziliense.com.br\/vicente\/wp-json\/wp\/v2\/posts"}],"about":[{"href":"https:\/\/blogs.correiobraziliense.com.br\/vicente\/wp-json\/wp\/v2\/types\/post"}],"author":[{"embeddable":true,"href":"https:\/\/blogs.correiobraziliense.com.br\/vicente\/wp-json\/wp\/v2\/users\/22"}],"replies":[{"embeddable":true,"href":"https:\/\/blogs.correiobraziliense.com.br\/vicente\/wp-json\/wp\/v2\/comments?post=11882"}],"version-history":[{"count":4,"href":"https:\/\/blogs.correiobraziliense.com.br\/vicente\/wp-json\/wp\/v2\/posts\/11882\/revisions"}],"predecessor-version":[{"id":11886,"href":"https:\/\/blogs.correiobraziliense.com.br\/vicente\/wp-json\/wp\/v2\/posts\/11882\/revisions\/11886"}],"wp:attachment":[{"href":"https:\/\/blogs.correiobraziliense.com.br\/vicente\/wp-json\/wp\/v2\/media?parent=11882"}],"wp:term":[{"taxonomy":"category","embeddable":true,"href":"https:\/\/blogs.correiobraziliense.com.br\/vicente\/wp-json\/wp\/v2\/categories?post=11882"},{"taxonomy":"post_tag","embeddable":true,"href":"https:\/\/blogs.correiobraziliense.com.br\/vicente\/wp-json\/wp\/v2\/tags?post=11882"}],"curies":[{"name":"wp","href":"https:\/\/api.w.org\/{rel}","templated":true}]}}