{"id":11876,"date":"2019-09-27T19:25:34","date_gmt":"2019-09-27T22:25:34","guid":{"rendered":"https:\/\/blogs.correiobraziliense.com.br\/vicente\/?p=11876"},"modified":"2019-09-27T19:40:49","modified_gmt":"2019-09-27T22:40:49","slug":"abrasel-entra-com-representacao-no-cade-contra-mastercard-por-conduta-anticompetitiva","status":"publish","type":"post","link":"https:\/\/blogs.correiobraziliense.com.br\/vicente\/abrasel-entra-com-representacao-no-cade-contra-mastercard-por-conduta-anticompetitiva\/","title":{"rendered":"Abrasel entra com representa\u00e7\u00e3o no Cade contra Mastercard por conduta anticompetitiva"},"content":{"rendered":"<p><span style=\"font-weight: 400\">RODOLFO COSTA<\/span><\/p>\n<p>&nbsp;<\/p>\n<p><span style=\"font-weight: 400\">A Associa\u00e7\u00e3o Brasileira de Bares e Restaurantes (Abrasel) entrou com representa\u00e7\u00e3o no Conselho Administrativo de Defesa Econ\u00f4mica (Cade) contra a Mastercard alegando conduta anticompetitiva no \u00e2mbito do setor de meios de pagamentos. A entidade critica a decis\u00e3o da empresa em elevar em 40% o atual valor da taxa de interc\u00e2mbio, percentual cobrado dos lojistas pelas m\u00e1quinas de cart\u00e3o. A tarifa \u00e9 determinada pela bandeira e \u00e9 utilizada para pagar o banco emissor do cart\u00e3o.\u00a0<\/span><\/p>\n<p>&nbsp;<\/p>\n<p><span style=\"font-weight: 400\">A Mastercard anunciou que elevar\u00e1 a taxa de interc\u00e2mbio de 0,75% para 1,05%. Para a Abrasel, \u00e9 uma medida cometida em detrimento aos \u201cassociados, ao ambiente competitivo e, por consequ\u00eancia, aos consumidores\u201d. Mais da metade das movimenta\u00e7\u00f5es do setor de alimenta\u00e7\u00e3o fora do lar s\u00e3o realizadas, hoje, atrav\u00e9s de cart\u00f5es de cr\u00e9dito. O <\/span><b>Blog <\/b><span style=\"font-weight: 400\">teve acesso \u00e0 representa\u00e7\u00e3o feita pela entidade junto ao Cade, em que pede a concess\u00e3o imediata de medida preventiva para inibir o reajuste da tarifa.\u00a0<\/span><\/p>\n<p>&nbsp;<\/p>\n<p><span style=\"font-weight: 400\">Outra medida cobrada \u00e9 a instaura\u00e7\u00e3o de processo administrativo para a apura\u00e7\u00e3o de condutas anticompetitivas cometidas pela Mastercard, citando, como exemplo, uma condena\u00e7\u00e3o \u00e0 mesma empresa pela Uni\u00e3o Europeia. A Abrasel pede, tamb\u00e9m, a produ\u00e7\u00e3o de todas as provas, como apresenta\u00e7\u00e3o de documentos, pareceres e acesso a documentos referentes \u00e0s condutas reportadas na representa\u00e7\u00e3o contra a empresa.\u00a0<\/span><\/p>\n<p>&nbsp;<\/p>\n<p><span style=\"font-weight: 400\">O presidente da Abrasel, Paulo Solmucci, mostra confian\u00e7a em rela\u00e7\u00e3o \u00e0 representa\u00e7\u00e3o e acredita que o Cade pode emitir decis\u00e3o favor\u00e1vel aos requerimentos. \u201cA Mastercard j\u00e1 foi condenada e teve que fazer acordo na Europa\u201d, justificou, ao <\/span><b>Blog<\/b><span style=\"font-weight: 400\">. Al\u00e9m da movimenta\u00e7\u00e3o feita junto ao Cade, o empres\u00e1rio procurou o Banco Central (BC) para afinar o di\u00e1logo e saber o posicionamento sobre o assunto.\u00a0<\/span><\/p>\n<p>&nbsp;<\/p>\n<p><b>Avalia\u00e7\u00e3o<\/b><\/p>\n<p><span style=\"font-weight: 400\">A reuni\u00e3o com a autoridade monet\u00e1ria ocorreu nesta sexta-feira (27\/9). O BC foi representado pelo diretor de Organiza\u00e7\u00e3o do Sistema Financeiro e de Resolu\u00e7\u00e3o, Jo\u00e3o Manoel de Pinho Mello. O encontro foi positivo, avalia Solmucci. \u201cO tabelamento da taxa de interc\u00e2mbio do cart\u00e3o de d\u00e9bito foi feito no Brasil com enorme sucesso. Acabou de fazer um ano. A resposta foi de que, embora n\u00e3o tenha decis\u00e3o tomada, est\u00e3o avaliando fazer o mesmo com a tarifa no cart\u00e3o de cr\u00e9dito\u201d, afirmou.\u00a0<\/span><\/p>\n<p>&nbsp;<\/p>\n<p><span style=\"font-weight: 400\">O encontro foi classificado como \u201c\u00f3timo\u201d pelo presidente da Abrasel. \u201cSentimos que h\u00e1 um inc\u00f4modo do Banco Central com essa quest\u00e3o e eles se dizem mergulhados no assunto. O assunto merece uma reflex\u00e3o e estudo, mas eles est\u00e3o dando aten\u00e7\u00e3o m\u00e1xima a isso. Estou otimista com rela\u00e7\u00e3o ao posicionamento do BC. Foi muito boa. Alguns detalhes n\u00e3o posso falar agora no momento, mas sa\u00ed de l\u00e1 bastante otimista\u201d, justificou. <\/span><\/p>\n","protected":false},"excerpt":{"rendered":"<p>RODOLFO COSTA &nbsp; A Associa\u00e7\u00e3o Brasileira de Bares e Restaurantes (Abrasel) entrou com representa\u00e7\u00e3o no Conselho Administrativo de Defesa Econ\u00f4mica (Cade) contra a Mastercard alegando conduta anticompetitiva no \u00e2mbito do setor de meios de pagamentos. A entidade critica a decis\u00e3o da empresa em elevar em 40% o atual valor da taxa de interc\u00e2mbio, percentual cobrado [&hellip;]<\/p>\n","protected":false},"author":22,"featured_media":11877,"comment_status":"open","ping_status":"closed","sticky":false,"template":"","format":"standard","meta":{"footnotes":""},"categories":[600],"tags":[3401,4150,3,106,4045,4149,4148,2836],"class_list":["post-11876","post","type-post","status-publish","format-standard","has-post-thumbnail","hentry","category-economia","tag-abrasel","tag-bacen","tag-banco-central","tag-bc","tag-intercambio","tag-mastercard","tag-paulo-solmucci","tag-taxa"],"_links":{"self":[{"href":"https:\/\/blogs.correiobraziliense.com.br\/vicente\/wp-json\/wp\/v2\/posts\/11876","targetHints":{"allow":["GET"]}}],"collection":[{"href":"https:\/\/blogs.correiobraziliense.com.br\/vicente\/wp-json\/wp\/v2\/posts"}],"about":[{"href":"https:\/\/blogs.correiobraziliense.com.br\/vicente\/wp-json\/wp\/v2\/types\/post"}],"author":[{"embeddable":true,"href":"https:\/\/blogs.correiobraziliense.com.br\/vicente\/wp-json\/wp\/v2\/users\/22"}],"replies":[{"embeddable":true,"href":"https:\/\/blogs.correiobraziliense.com.br\/vicente\/wp-json\/wp\/v2\/comments?post=11876"}],"version-history":[{"count":3,"href":"https:\/\/blogs.correiobraziliense.com.br\/vicente\/wp-json\/wp\/v2\/posts\/11876\/revisions"}],"predecessor-version":[{"id":11880,"href":"https:\/\/blogs.correiobraziliense.com.br\/vicente\/wp-json\/wp\/v2\/posts\/11876\/revisions\/11880"}],"wp:featuredmedia":[{"embeddable":true,"href":"https:\/\/blogs.correiobraziliense.com.br\/vicente\/wp-json\/wp\/v2\/media\/11877"}],"wp:attachment":[{"href":"https:\/\/blogs.correiobraziliense.com.br\/vicente\/wp-json\/wp\/v2\/media?parent=11876"}],"wp:term":[{"taxonomy":"category","embeddable":true,"href":"https:\/\/blogs.correiobraziliense.com.br\/vicente\/wp-json\/wp\/v2\/categories?post=11876"},{"taxonomy":"post_tag","embeddable":true,"href":"https:\/\/blogs.correiobraziliense.com.br\/vicente\/wp-json\/wp\/v2\/tags?post=11876"}],"curies":[{"name":"wp","href":"https:\/\/api.w.org\/{rel}","templated":true}]}}