{"id":11873,"date":"2019-09-26T14:47:00","date_gmt":"2019-09-26T17:47:00","guid":{"rendered":"https:\/\/blogs.correiobraziliense.com.br\/vicente\/?p=11873"},"modified":"2019-09-26T14:47:00","modified_gmt":"2019-09-26T17:47:00","slug":"previsoes-economicas-dentro-do-governo-estao-divergentes","status":"publish","type":"post","link":"https:\/\/blogs.correiobraziliense.com.br\/vicente\/previsoes-economicas-dentro-do-governo-estao-divergentes\/","title":{"rendered":"Previs\u00f5es econ\u00f4micas dentro do governo est\u00e3o divergentes"},"content":{"rendered":"<p>ROSANA HESSEL<\/p>\n<p>&nbsp;<\/p>\n<p><span style=\"font-weight: 400\">As proje\u00e7\u00f5es da equipe econ\u00f4mica e de v\u00e1rios \u00f3rg\u00e3os do governo est\u00e3o bastante divergentes em meio \u00e0s turbul\u00eancias internas e externas, mostrando que n\u00e3o h\u00e1 um consenso. Enquanto o Minist\u00e9rio da Economia elevou recentemente de 0,8% para 0,85% a estimativa de crescimento do Produto Interno Bruto (PIB) para este ano, o Banco Central, mostrou-se mais otimista nesta quinta-feira (26\/09), revisando de 0,8% para 0,9% a previs\u00e3o de avan\u00e7o do PIB de 2019, conforme o Relat\u00f3rio Trimestral de Infla\u00e7\u00e3o (RTI), divulgado nesta quinta-feira (26\/09) A mediana das proje\u00e7\u00f5es do mercado, que constam no boletim Focus semanal do BC, autarquia sob o guarda-chuva da pasta, est\u00e1 em 0,87%.<\/span><\/p>\n<p>&nbsp;<\/p>\n<p>Essa diverg\u00eancia de n\u00fameros tamb\u00e9m pode ser vista nas previs\u00f5es d<span style=\"font-weight: 400\">o Instituto de Pesquisa Econ\u00f4mica Aplicada (Ipea), tamb\u00e9m ligado ao Minist\u00e9rio da Economia, e presidido por um dos conselheiros do ministro Paulo Guedes: Carlos Von Doellinger. O \u00f3rg\u00e3o preferiu ser mais conservador e manteve em 0,8% a estimativa de avan\u00e7o da atividade econ\u00f4mica em 2019, conforme dados de hoje da Carta de Conjuntura. De acordo com o documento, a\u00a0<\/span>trajet\u00f3ria de evolu\u00e7\u00e3o da confian\u00e7a da ind\u00fastria &#8220;est\u00e1 pior do que se esperava&#8221;. O Indicador Ipea de Hiato do Produto, que mede o grau de ociosidade da economia brasileira, foi estimado em 3%, em 2019, e deve fechar 2020, em 2%.<\/p>\n<p>&nbsp;<\/p>\n<p><span style=\"font-weight: 400\">Para 2020, expectativa de expans\u00e3o do PIB foi revisada pelo Ipea de 2,5% para 2,1%, dado mais otimista do que o do mercado e o do Banco Central.\u00a0\u00a0<\/span><span style=\"font-weight: 400\">A mediana das proje\u00e7\u00f5es para o PIB do ano que vem que constam no boletim Focus desta semana, est\u00e1 em 2%, mas h\u00e1 v\u00e1rias institui\u00e7\u00f5es financeiras prevendo que o PIB ficar\u00e1 abaixo desse patamar. N\u00e3o \u00e0 toa, o relat\u00f3rio de infla\u00e7\u00e3o do BC apontou uma previs\u00e3o de crescimento real de 1,8% para 2020, reconhecendo ainda \u201celevado grau de incerteza\u201d.<\/span><\/p>\n<p>&nbsp;<\/p>\n<p><span style=\"font-weight: 400\">Apesar dessa falta de converg\u00eancia nas proje\u00e7\u00f5es \u00e9 poss\u00edvel ver uma semelhan\u00e7a: os dados mostram que a retomada ainda ser\u00e1 lenta. Logo, o cen\u00e1rio p<\/span><span style=\"font-weight: 400\">ara o processo de retomada da economia ainda n\u00e3o \u00e9 animador para os investidores. Vale lembrar que, no relat\u00f3rio de infla\u00e7\u00e3o deste m\u00eas, o Banco Central tamb\u00e9m revisou a estimativa para o deficit em\u00a0 transa\u00e7\u00f5es correntes em 2019, de US$ 19,3 bilh\u00f5es para US$ 36,3 bilh\u00f5es. A autoridade monet\u00e1ria ainda reduziu a proje\u00e7\u00e3o para o Investimento Direto no Pa\u00eds (IDP) no ano, de US$ 90 bilh\u00f5es para US$ 75 bilh\u00f5es, uma diferen\u00e7a expressiva mostrando que o fluxo de entrada de dinheiro externo no pa\u00eds est\u00e1 bem menor do que se esperava pelo governo.<\/span><\/p>\n<p>&nbsp;<\/p>\n<p>&nbsp;<\/p>\n","protected":false},"excerpt":{"rendered":"<p>ROSANA HESSEL &nbsp; As proje\u00e7\u00f5es da equipe econ\u00f4mica e de v\u00e1rios \u00f3rg\u00e3os do governo est\u00e3o bastante divergentes em meio \u00e0s turbul\u00eancias internas e externas, mostrando que n\u00e3o h\u00e1 um consenso. Enquanto o Minist\u00e9rio da Economia elevou recentemente de 0,8% para 0,85% a estimativa de crescimento do Produto Interno Bruto (PIB) para este ano, o Banco [&hellip;]<\/p>\n","protected":false},"author":22,"featured_media":0,"comment_status":"open","ping_status":"closed","sticky":false,"template":"","format":"standard","meta":{"footnotes":""},"categories":[600],"tags":[3,589,3613,58],"class_list":["post-11873","post","type-post","status-publish","format-standard","hentry","category-economia","tag-banco-central","tag-economia","tag-paulo-guedes","tag-pib"],"_links":{"self":[{"href":"https:\/\/blogs.correiobraziliense.com.br\/vicente\/wp-json\/wp\/v2\/posts\/11873","targetHints":{"allow":["GET"]}}],"collection":[{"href":"https:\/\/blogs.correiobraziliense.com.br\/vicente\/wp-json\/wp\/v2\/posts"}],"about":[{"href":"https:\/\/blogs.correiobraziliense.com.br\/vicente\/wp-json\/wp\/v2\/types\/post"}],"author":[{"embeddable":true,"href":"https:\/\/blogs.correiobraziliense.com.br\/vicente\/wp-json\/wp\/v2\/users\/22"}],"replies":[{"embeddable":true,"href":"https:\/\/blogs.correiobraziliense.com.br\/vicente\/wp-json\/wp\/v2\/comments?post=11873"}],"version-history":[{"count":2,"href":"https:\/\/blogs.correiobraziliense.com.br\/vicente\/wp-json\/wp\/v2\/posts\/11873\/revisions"}],"predecessor-version":[{"id":11875,"href":"https:\/\/blogs.correiobraziliense.com.br\/vicente\/wp-json\/wp\/v2\/posts\/11873\/revisions\/11875"}],"wp:attachment":[{"href":"https:\/\/blogs.correiobraziliense.com.br\/vicente\/wp-json\/wp\/v2\/media?parent=11873"}],"wp:term":[{"taxonomy":"category","embeddable":true,"href":"https:\/\/blogs.correiobraziliense.com.br\/vicente\/wp-json\/wp\/v2\/categories?post=11873"},{"taxonomy":"post_tag","embeddable":true,"href":"https:\/\/blogs.correiobraziliense.com.br\/vicente\/wp-json\/wp\/v2\/tags?post=11873"}],"curies":[{"name":"wp","href":"https:\/\/api.w.org\/{rel}","templated":true}]}}