{"id":11830,"date":"2019-09-19T18:28:07","date_gmt":"2019-09-19T21:28:07","guid":{"rendered":"https:\/\/blogs.correiobraziliense.com.br\/vicente\/?p=11830"},"modified":"2019-09-19T18:28:07","modified_gmt":"2019-09-19T21:28:07","slug":"governo-vai-liberar-r-125-bilhoes-do-orcamento","status":"publish","type":"post","link":"https:\/\/blogs.correiobraziliense.com.br\/vicente\/governo-vai-liberar-r-125-bilhoes-do-orcamento\/","title":{"rendered":"Governo vai liberar R$ 12,5 bilh\u00f5es do Or\u00e7amento"},"content":{"rendered":"<p>ROSANA HESSEL<\/p>\n<p>&nbsp;<\/p>\n<p>O presidente Jair Bolsonaro anunciou nesta quinta-feira (19\/09)\u00a0 nas redes sociais que o descontingenciamento que dever\u00e1 ser anunciado amanh\u00e3 ser\u00e1 de R$ 8,3 bilh\u00f5es, para a Educa\u00e7\u00e3o e demais minist\u00e9rios. \u201cDesde o in\u00edcio, nosso governo preza pela responsabilidade com as contas p\u00fablicas. Com muito sacrif\u00edcio, estamos criando condi\u00e7\u00f5es para manter os investimentos\u201d, escreveu o chefe do Executivo.\u00a0 Contudo, fontes pr\u00f3ximas \u00e0 equipe econ\u00f4mica informaram ao <strong>Blog<\/strong> que a libera\u00e7\u00e3o de recursos ser\u00e1 maior, de R$ 12,5 bilh\u00f5es, porque a receita com tributos e dividendos est\u00e1 vindo acima das expectativas.<\/p>\n<p>&nbsp;<\/p>\n<p>Atualmente, R$ 34 bilh\u00f5es do Or\u00e7amento deste ano est\u00e3o contingenciados. Essa medida fez com que bolsas de estudo fossem cortadas. E, devido a esse bloqueio de gasto, a rotina na Esplanada mudou nos \u00faltimos meses. V\u00e1rios pr\u00e9dios p\u00fablicos apagam encerram os trabalhos \u00e0s 18h e dificultam o acesso de pessoas ap\u00f3s esse hor\u00e1rio para evitar gasto com energia.<\/p>\n<p>No Minist\u00e9rio da Economia, por exemplo, at\u00e9 o cafezinho foi cortado. Diante disso, funcion\u00e1rios da pasta contam que chegaram a fazer uma vaquinha para comprar uma cafeteira e, assim, n\u00e3o deixarem de tomar a tradicional bebida do brasileiro durante o expediente. J\u00e1 o\u00a0Minist\u00e9rio da Educa\u00e7\u00e3o anunciou o corte de 5,6 mil bolsas da Coordena\u00e7\u00e3o de Aperfei\u00e7oamento de Pessoal de N\u00edvel Superior (Capes) a partir deste m\u00eas. O ministro da Educa\u00e7\u00e3o, Abraham Weintraub, esteve reunido com o ministro da Economia, Paulo Guedes, nesta quinta-feira (19\/09) para negociar o desbloqueio de gastos.<\/p>\n<p>A equipe econ\u00f4mica dever\u00e1 apresentar os dados desse descontingenciamento na tarde de amanh\u00e3 durante a divulga\u00e7\u00e3o do relat\u00f3rio bimestral de avalia\u00e7\u00e3o fiscal.\u00a0 A Receita Federal ainda n\u00e3o divulgou o resultado da arrecada\u00e7\u00e3o. A expectativa \u00e9 que os n\u00fameros devem ser apresentados na pr\u00f3xima semana, mas, pelas previs\u00f5es de analistas, o crescimento dever\u00e1 ser de quase 6% na coleta de tributos no m\u00eas de agosto.<\/p>\n<p>&nbsp;<\/p>\n","protected":false},"excerpt":{"rendered":"<p>ROSANA HESSEL &nbsp; O presidente Jair Bolsonaro anunciou nesta quinta-feira (19\/09)\u00a0 nas redes sociais que o descontingenciamento que dever\u00e1 ser anunciado amanh\u00e3 ser\u00e1 de R$ 8,3 bilh\u00f5es, para a Educa\u00e7\u00e3o e demais minist\u00e9rios. \u201cDesde o in\u00edcio, nosso governo preza pela responsabilidade com as contas p\u00fablicas. Com muito sacrif\u00edcio, estamos criando condi\u00e7\u00f5es para manter os investimentos\u201d, [&hellip;]<\/p>\n","protected":false},"author":22,"featured_media":0,"comment_status":"open","ping_status":"closed","sticky":false,"template":"","format":"standard","meta":{"footnotes":""},"categories":[600],"tags":[1158,4143,467,3666,549],"class_list":["post-11830","post","type-post","status-publish","format-standard","hentry","category-economia","tag-corte","tag-descontingenciamento","tag-governo","tag-ministerio-da-economia","tag-orcamento"],"_links":{"self":[{"href":"https:\/\/blogs.correiobraziliense.com.br\/vicente\/wp-json\/wp\/v2\/posts\/11830","targetHints":{"allow":["GET"]}}],"collection":[{"href":"https:\/\/blogs.correiobraziliense.com.br\/vicente\/wp-json\/wp\/v2\/posts"}],"about":[{"href":"https:\/\/blogs.correiobraziliense.com.br\/vicente\/wp-json\/wp\/v2\/types\/post"}],"author":[{"embeddable":true,"href":"https:\/\/blogs.correiobraziliense.com.br\/vicente\/wp-json\/wp\/v2\/users\/22"}],"replies":[{"embeddable":true,"href":"https:\/\/blogs.correiobraziliense.com.br\/vicente\/wp-json\/wp\/v2\/comments?post=11830"}],"version-history":[{"count":1,"href":"https:\/\/blogs.correiobraziliense.com.br\/vicente\/wp-json\/wp\/v2\/posts\/11830\/revisions"}],"predecessor-version":[{"id":11831,"href":"https:\/\/blogs.correiobraziliense.com.br\/vicente\/wp-json\/wp\/v2\/posts\/11830\/revisions\/11831"}],"wp:attachment":[{"href":"https:\/\/blogs.correiobraziliense.com.br\/vicente\/wp-json\/wp\/v2\/media?parent=11830"}],"wp:term":[{"taxonomy":"category","embeddable":true,"href":"https:\/\/blogs.correiobraziliense.com.br\/vicente\/wp-json\/wp\/v2\/categories?post=11830"},{"taxonomy":"post_tag","embeddable":true,"href":"https:\/\/blogs.correiobraziliense.com.br\/vicente\/wp-json\/wp\/v2\/tags?post=11830"}],"curies":[{"name":"wp","href":"https:\/\/api.w.org\/{rel}","templated":true}]}}