{"id":11818,"date":"2019-09-18T21:22:27","date_gmt":"2019-09-19T00:22:27","guid":{"rendered":"https:\/\/blogs.correiobraziliense.com.br\/vicente\/?p=11818"},"modified":"2019-09-18T21:22:27","modified_gmt":"2019-09-19T00:22:27","slug":"governo-profissionaliza-ocupacao-de-cargos-de-direcao","status":"publish","type":"post","link":"https:\/\/blogs.correiobraziliense.com.br\/vicente\/governo-profissionaliza-ocupacao-de-cargos-de-direcao\/","title":{"rendered":"Governo profissionaliza ocupa\u00e7\u00e3o de cargos de dire\u00e7\u00e3o"},"content":{"rendered":"<p>ANNA RUSSI<\/p>\n<p>&nbsp;<\/p>\n<p>O governo est\u00e1 profissionalizando a ocupa\u00e7\u00e3o de cargos de dire\u00e7\u00e3o no Minist\u00e9rio da Economia. Nesse sentido, a Secretaria de Gest\u00e3o iniciou um processo seletivo para definir o pr\u00f3ximo diretor da Central de Compras da pasta. O recrutamento e a an\u00e1lise inicial dos profissionais com perfil adequado para o desempenho das fun\u00e7\u00f5es de diretor contam com a colabora\u00e7\u00e3o da Escola Nacional de Administra\u00e7\u00e3o P\u00fablica (Enap).<\/p>\n<p>&nbsp;<\/p>\n<p>O cargo de diretor faz parte do terceiro escal\u00e3o do governo federal.\u00a0A iniciativa busca encontrar um profissional que atue no fortalecimento do modelo de compras centralizadas e de servi\u00e7os compartilhados no governo federal. O objetivo \u00e9 reduzir gastos com aquisi\u00e7\u00f5es e contrata\u00e7\u00f5es, simplificar procedimentos e aumentar a qualidade nas compras.\u00a0\u201cEssa \u00e9 uma pol\u00edtica do atual governo: qualificar cada vez mais a gest\u00e3o p\u00fablica, aumentando sua efici\u00eancia. E estamos fazendo isso de forma mais transparente\u201d, esclarece o secret\u00e1rio de gest\u00e3o, Cristiano Heckert.<\/p>\n<p>&nbsp;<\/p>\n<p>A Central de Compras est\u00e1 subordinada ao secret\u00e1rio de Gest\u00e3o e comandar\u00e1 cinco coordena\u00e7\u00f5es-gerais e uma coordena\u00e7\u00e3o, numa equipe de cerca de 70 pessoas.\u00a0Al\u00e9m de possu\u00edrem idoneidade moral, reputa\u00e7\u00e3o ilibada e perfil compat\u00edvel com o cargo, os interessados dever\u00e3o ter, no m\u00ednimo, cinco anos de experi\u00eancia profissional em atividades relacionadas a compras p\u00fablicas ou tr\u00eas anos ocupando cargo em comiss\u00e3o ou fun\u00e7\u00e3o de confian\u00e7a em qualquer um dos Poderes.<\/p>\n<p>&nbsp;<\/p>\n<p>O processo seletivo para a diretoria da Central de Compras \u00e9 mais um efeito dos decretos 9.727 e 9.916, publicados pela pasta neste ano. Eles definem crit\u00e9rios gerais para ocupa\u00e7\u00e3o de cargos de confian\u00e7a e fun\u00e7\u00f5es comissionadas no Poder Executivo. A escolha do diretor da Secretaria de Gest\u00e3o ter\u00e1 duas etapas e a previs\u00e3o \u00e9 de que esteja conclu\u00eddo at\u00e9 o in\u00edcio de outubro.<\/p>\n","protected":false},"excerpt":{"rendered":"<p>ANNA RUSSI &nbsp; O governo est\u00e1 profissionalizando a ocupa\u00e7\u00e3o de cargos de dire\u00e7\u00e3o no Minist\u00e9rio da Economia. Nesse sentido, a Secretaria de Gest\u00e3o iniciou um processo seletivo para definir o pr\u00f3ximo diretor da Central de Compras da pasta. O recrutamento e a an\u00e1lise inicial dos profissionais com perfil adequado para o desempenho das fun\u00e7\u00f5es de [&hellip;]<\/p>\n","protected":false},"author":22,"featured_media":0,"comment_status":"open","ping_status":"closed","sticky":false,"template":"","format":"standard","meta":{"footnotes":""},"categories":[600],"tags":[4142,2912,467,3666],"class_list":["post-11818","post","type-post","status-publish","format-standard","hentry","category-economia","tag-enap","tag-gestao","tag-governo","tag-ministerio-da-economia"],"_links":{"self":[{"href":"https:\/\/blogs.correiobraziliense.com.br\/vicente\/wp-json\/wp\/v2\/posts\/11818","targetHints":{"allow":["GET"]}}],"collection":[{"href":"https:\/\/blogs.correiobraziliense.com.br\/vicente\/wp-json\/wp\/v2\/posts"}],"about":[{"href":"https:\/\/blogs.correiobraziliense.com.br\/vicente\/wp-json\/wp\/v2\/types\/post"}],"author":[{"embeddable":true,"href":"https:\/\/blogs.correiobraziliense.com.br\/vicente\/wp-json\/wp\/v2\/users\/22"}],"replies":[{"embeddable":true,"href":"https:\/\/blogs.correiobraziliense.com.br\/vicente\/wp-json\/wp\/v2\/comments?post=11818"}],"version-history":[{"count":1,"href":"https:\/\/blogs.correiobraziliense.com.br\/vicente\/wp-json\/wp\/v2\/posts\/11818\/revisions"}],"predecessor-version":[{"id":11820,"href":"https:\/\/blogs.correiobraziliense.com.br\/vicente\/wp-json\/wp\/v2\/posts\/11818\/revisions\/11820"}],"wp:attachment":[{"href":"https:\/\/blogs.correiobraziliense.com.br\/vicente\/wp-json\/wp\/v2\/media?parent=11818"}],"wp:term":[{"taxonomy":"category","embeddable":true,"href":"https:\/\/blogs.correiobraziliense.com.br\/vicente\/wp-json\/wp\/v2\/categories?post=11818"},{"taxonomy":"post_tag","embeddable":true,"href":"https:\/\/blogs.correiobraziliense.com.br\/vicente\/wp-json\/wp\/v2\/tags?post=11818"}],"curies":[{"name":"wp","href":"https:\/\/api.w.org\/{rel}","templated":true}]}}