{"id":11811,"date":"2019-09-18T20:17:35","date_gmt":"2019-09-18T23:17:35","guid":{"rendered":"https:\/\/blogs.correiobraziliense.com.br\/vicente\/?p=11811"},"modified":"2019-09-18T20:17:35","modified_gmt":"2019-09-18T23:17:35","slug":"itau-unibanco-reduz-juros-apos-copom-cortar-selic-para-55-anuais","status":"publish","type":"post","link":"https:\/\/blogs.correiobraziliense.com.br\/vicente\/itau-unibanco-reduz-juros-apos-copom-cortar-selic-para-55-anuais\/","title":{"rendered":"Ita\u00fa Unibanco reduz juros ap\u00f3s Copom cortar Selic para 5,5% anuais"},"content":{"rendered":"<p>ROSANA HESSEL<\/p>\n<p>&nbsp;<\/p>\n<p>Logo ap\u00f3s o Comit\u00ea de Pol\u00edtica Monet\u00e1ria (Copom), do Banco Central, cortar a taxa b\u00e1sica de juros (Selic) de 6% ao ano para 5,5% anuais, um piso hist\u00f3rico, o\u00a0Ita\u00fa Unibanco anunciou novos juros das linhas de cr\u00e9dito e no financiamento imobili\u00e1rio.<\/p>\n<p>&nbsp;<\/p>\n<p>Para os empr\u00e9stimos para clientes pessoas f\u00edsica e jur\u00eddica, o banco pretende fazer com repasse integral do corte de 0,50 ponto percentual da Selic feito pelo Copom. &#8220;Os valores, que passam a valer a partir de sexta-feira (20,09), variam de acordo com o perfil do cliente e de seu relacionamento com o banco&#8221;, informou a nota da institui\u00e7\u00e3o divulgada nesta quarta-feira (18\/08). Na \u00faltima reuni\u00e3o do Copom, em julho, o banco tamb\u00e9m havia anunciado redu\u00e7\u00e3o das taxas.<\/p>\n<p>&nbsp;<\/p>\n<p>O Ita\u00fa tamb\u00e9m informou que vai reduzir a taxa m\u00ednima da linha de cr\u00e9dito imobili\u00e1rio e passa a oferecer o financiamento de im\u00f3veis com juros a partir de 8,1% ao ano, mais TR (Taxa Referencial). A nova taxa passar\u00e1 a valer na segunda-feira (23\/09). Antes, as taxas iniciavam em 8,3% ao ano, mais TR.<\/p>\n<p>&nbsp;<\/p>\n<p>No comunicado, o banco defendeu a concorr\u00eancia e afirmou que reitera o posicionamento &#8220;de manter pre\u00e7os competitivos no mercado, sem abrir m\u00e3o de apresentar qualidade em seus servi\u00e7os e produtos de valor agregado&#8221;.<\/p>\n<p>&nbsp;<\/p>\n<p>O Copom reduziu a Selic pela segunda reuni\u00e3o consecutiva ap\u00f3s manter a taxa b\u00e1sica em 6,5% desde mar\u00e7o de 2018. A medida vem como uma tentativa de aquecer a economia ainda patina. A mediana das estimativas do mercado para a expans\u00e3o do Produto Interno Bruto (PIB) em 2019 est\u00e3o em 0,87%, abaixo da alta de 1,1% registrada nos dois anos anteriores, um sinal de desacelera\u00e7\u00e3o. E, para 2020, as proje\u00e7\u00f5es j\u00e1 apontam que o pa\u00eds n\u00e3o conseguir\u00e1 crescer mais do que 2%, abaixo das previs\u00f5es iniciais. O Ita\u00fa, por exemplo, prev\u00ea expans\u00e3o de 0,8%, neste ano, e de 1,7%, em 2020.<\/p>\n<p>&nbsp;<\/p>\n","protected":false},"excerpt":{"rendered":"<p>ROSANA HESSEL &nbsp; Logo ap\u00f3s o Comit\u00ea de Pol\u00edtica Monet\u00e1ria (Copom), do Banco Central, cortar a taxa b\u00e1sica de juros (Selic) de 6% ao ano para 5,5% anuais, um piso hist\u00f3rico, o\u00a0Ita\u00fa Unibanco anunciou novos juros das linhas de cr\u00e9dito e no financiamento imobili\u00e1rio. &nbsp; Para os empr\u00e9stimos para clientes pessoas f\u00edsica e jur\u00eddica, o [&hellip;]<\/p>\n","protected":false},"author":22,"featured_media":0,"comment_status":"open","ping_status":"closed","sticky":false,"template":"","format":"standard","meta":{"footnotes":""},"categories":[600],"tags":[99,673,4,34],"class_list":["post-11811","post","type-post","status-publish","format-standard","hentry","category-economia","tag-copom","tag-itau","tag-juros","tag-selic"],"_links":{"self":[{"href":"https:\/\/blogs.correiobraziliense.com.br\/vicente\/wp-json\/wp\/v2\/posts\/11811","targetHints":{"allow":["GET"]}}],"collection":[{"href":"https:\/\/blogs.correiobraziliense.com.br\/vicente\/wp-json\/wp\/v2\/posts"}],"about":[{"href":"https:\/\/blogs.correiobraziliense.com.br\/vicente\/wp-json\/wp\/v2\/types\/post"}],"author":[{"embeddable":true,"href":"https:\/\/blogs.correiobraziliense.com.br\/vicente\/wp-json\/wp\/v2\/users\/22"}],"replies":[{"embeddable":true,"href":"https:\/\/blogs.correiobraziliense.com.br\/vicente\/wp-json\/wp\/v2\/comments?post=11811"}],"version-history":[{"count":1,"href":"https:\/\/blogs.correiobraziliense.com.br\/vicente\/wp-json\/wp\/v2\/posts\/11811\/revisions"}],"predecessor-version":[{"id":11812,"href":"https:\/\/blogs.correiobraziliense.com.br\/vicente\/wp-json\/wp\/v2\/posts\/11811\/revisions\/11812"}],"wp:attachment":[{"href":"https:\/\/blogs.correiobraziliense.com.br\/vicente\/wp-json\/wp\/v2\/media?parent=11811"}],"wp:term":[{"taxonomy":"category","embeddable":true,"href":"https:\/\/blogs.correiobraziliense.com.br\/vicente\/wp-json\/wp\/v2\/categories?post=11811"},{"taxonomy":"post_tag","embeddable":true,"href":"https:\/\/blogs.correiobraziliense.com.br\/vicente\/wp-json\/wp\/v2\/tags?post=11811"}],"curies":[{"name":"wp","href":"https:\/\/api.w.org\/{rel}","templated":true}]}}