{"id":11768,"date":"2019-09-10T20:35:47","date_gmt":"2019-09-10T23:35:47","guid":{"rendered":"https:\/\/blogs.correiobraziliense.com.br\/vicente\/?p=11768"},"modified":"2019-09-10T20:43:20","modified_gmt":"2019-09-10T23:43:20","slug":"governo-vai-discutir-relacao-com-dem-pp-pl-e-republicanos-para-alinhar-construcao-da-base","status":"publish","type":"post","link":"https:\/\/blogs.correiobraziliense.com.br\/vicente\/governo-vai-discutir-relacao-com-dem-pp-pl-e-republicanos-para-alinhar-construcao-da-base\/","title":{"rendered":"Governo vai &#8220;discutir rela\u00e7\u00e3o&#8221; com DEM, PP, PL e Republicanos para alinhar constru\u00e7\u00e3o da base"},"content":{"rendered":"<p><span style=\"font-weight: 400\">RODOLFO COSTA<\/span><\/p>\n<p><span style=\"font-weight: 400\">O ministro-chefe da Secretaria de Governo, Luiz Eduardo Ramos, vai se reunir nesta quarta-feira (11\/9) com l\u00edderes partid\u00e1rios de quatro das maiores bancadas da C\u00e2mara. Ele vai passar a tarde inteira na lideran\u00e7a do governo na Casa conversando com parlamentares para \u201cdiscutir a rela\u00e7\u00e3o\u201d e propor um alinhamento, a fim de discutir a composi\u00e7\u00e3o de uma base de apoio formal. At\u00e9 o momento, est\u00e3o confirmadas reuni\u00f5es com os l\u00edderes do DEM, Elmar Nascimento (BA), do PP, Arthur Lira (AL), Wellington Roberto (PL), e do Republicanos, Johnathan de Jesus.\u00a0<\/span><\/p>\n<p>&nbsp;<\/p>\n<p><span style=\"font-weight: 400\">As conversas ser\u00e3o acompanhadas pelo l\u00edder do governo na C\u00e2mara, Major Vitor Hugo (PSL-GO), a quem Ramos apresentar\u00e1 como homem de confian\u00e7a para filtrar as demandas apresentadas pelos l\u00edderes. Ao <strong>Blog<\/strong>, o ministro <a href=\"https:\/\/blogs.correiobraziliense.com.br\/vicente\/governo-fortalece-psl-e-major-vitor-hugo-em-nova-etapa-da-articulacao-politica\/\"><strong>confirmou que ser\u00e1 o parlamentar o respons\u00e1vel por dialogar emendas e cargos na Casa<\/strong><\/a>. Antes, essa articula\u00e7\u00e3o vinha sendo conduzida pela l\u00edder do governo no Congresso, Joice Hasselmann (PSL-SP), que seguir\u00e1 prestigiada, mas conduzindo apenas as interlocu\u00e7\u00f5es em sess\u00f5es de Congresso, comiss\u00f5es mistas de Medidas Provis\u00f3rias (MPs), e vota\u00e7\u00f5es de Projetos de Lei do Congresso Nacional (PLNs).\u00a0<\/span><\/p>\n<p>&nbsp;<\/p>\n<p><span style=\"font-weight: 400\">O ministro negou desaven\u00e7as e disse que os dois est\u00e3o se dando bem sob as novas ordens. Para Vitor Hugo e Ramos, ser\u00e1 a chance de colocar sob a mesa, com transpar\u00eancia, os instrumentos republicanos de articula\u00e7\u00e3o pol\u00edtica &#8212; cargos e emendas de bancada &#8212; e manifestar as contrapartidas do governo. Que n\u00e3o s\u00e3o muitas. Como em um bom relacionamento, o Executivo quer comprometimento e fidelidade das bancadas na C\u00e2mara.\u00a0<\/span><\/p>\n<p>&nbsp;<\/p>\n<p><b>Veto<\/b><\/p>\n<p><span style=\"font-weight: 400\">Ao <\/span><b>Blog<\/b><span style=\"font-weight: 400\">, o ministro exemplificou os \u201ctermos\u201d exigidos pelo governo ao lembrar da vota\u00e7\u00e3o do veto presidencial sobre a criminaliza\u00e7\u00e3o da divulga\u00e7\u00e3o da divulga\u00e7\u00e3o de denuncia\u00e7\u00f5es caluniosas &#8212; as chamadas fake news &#8212; com finalidade eleitoral. Apreciado em 28 de agosto, o trecho rejeitado pelo presidente Jair Bolsonaro da Lei 13.834\/2019 foi derrubado pelo Congresso por uma ampla maioria de parlamentares que s\u00e3o beneficiados por cargos e tiveram suas bases eleitorais atendidas por meio de emendas parlamentares de bancada &#8212; que o governo n\u00e3o \u00e9 obrigado a executar &#8212; e as impositivas &#8212; que \u00e9 obrigado a pagar.\u00a0<\/span><\/p>\n<p>&nbsp;<\/p>\n<p><span style=\"font-weight: 400\">A derrubada do veto gerou um inc\u00f4modo. A Secretaria de Governo contabilizou que votaram contra o Planalto mais parlamentares prestigiados pelo Executivo do que em rela\u00e7\u00e3o \u00e0 reforma da Previd\u00eancia. \u201cVamos conversar e discutir a rela\u00e7\u00e3o. N\u00e3o podemos dar o melhor dos mundos e n\u00e3o ter comprometimento com o governo, votar com a cabe\u00e7a em um projeto de interesse do governo. Os caras derrubaram o veto e bateram palmas. Em uma rela\u00e7\u00e3o sincera, n\u00e3o pode ter as benesses s\u00f3 quando lhe interessa\u201d, justificou Ramos.<\/span><\/p>\n<p>&nbsp;<\/p>\n<p><b>Relacionamento<\/b><span style=\"font-weight: 400\">\u00a0<\/span><\/p>\n<p><span style=\"font-weight: 400\">O ministro mostrou, no entanto, confian\u00e7a em rela\u00e7\u00e3o ao relacionamento com as bancadas. Ressaltou que as conversas fazem parte do mesmo di\u00e1logo que teve na tarde desta ter\u00e7a-feira (10\/9), quando se reuniu com a bancada do PSL. \u201cO presidente \u00e9 do PSL, ent\u00e3o o partido merece a defer\u00eancia. Ele \u00e9 da casa e n\u00e3o houve prioriza\u00e7\u00e3o em emendas e cargos. Temos que dar a aten\u00e7\u00e3o que merecem, dando sinais de aten\u00e7\u00e3o e carinho\u201d, explicou.\u00a0<\/span><\/p>\n<p>&nbsp;<\/p>\n<p><span style=\"font-weight: 400\">A mesma defer\u00eancia ser\u00e1 feito a outras bancadas, em um gesto importante para construir a base governista. \u201cAmanh\u00e3 a tarde estarei na lideran\u00e7a do governo na C\u00e2mara. Conversarei com cada l\u00edder feito um alinhamento. Vou falar com o Elmar Nascimento (DEM-BA), com o Arthur Lira (PP-AL), o Wellington Roberto (PL-PB), e o Johnathan de Jesus (Republicanos-RR)\u201d, afirmou. <\/span><\/p>\n","protected":false},"excerpt":{"rendered":"<p>RODOLFO COSTA O ministro-chefe da Secretaria de Governo, Luiz Eduardo Ramos, vai se reunir nesta quarta-feira (11\/9) com l\u00edderes partid\u00e1rios de quatro das maiores bancadas da C\u00e2mara. Ele vai passar a tarde inteira na lideran\u00e7a do governo na Casa conversando com parlamentares para \u201cdiscutir a rela\u00e7\u00e3o\u201d e propor um alinhamento, a fim de discutir a [&hellip;]<\/p>\n","protected":false},"author":22,"featured_media":11769,"comment_status":"open","ping_status":"closed","sticky":false,"template":"","format":"standard","meta":{"footnotes":""},"categories":[600],"tags":[4127,2395,2554,254,3029,4129,4130,4126,525,917,3989,4125,4128],"class_list":["post-11768","post","type-post","status-publish","format-standard","has-post-thumbnail","hentry","category-economia","tag-arthur-lira","tag-articulacao","tag-bolsonaro","tag-congresso","tag-dem","tag-elmar-nascimento","tag-johnathan-de-jesus","tag-pl","tag-pp","tag-prb","tag-ramos","tag-republicanos","tag-wellington-roberto"],"_links":{"self":[{"href":"https:\/\/blogs.correiobraziliense.com.br\/vicente\/wp-json\/wp\/v2\/posts\/11768","targetHints":{"allow":["GET"]}}],"collection":[{"href":"https:\/\/blogs.correiobraziliense.com.br\/vicente\/wp-json\/wp\/v2\/posts"}],"about":[{"href":"https:\/\/blogs.correiobraziliense.com.br\/vicente\/wp-json\/wp\/v2\/types\/post"}],"author":[{"embeddable":true,"href":"https:\/\/blogs.correiobraziliense.com.br\/vicente\/wp-json\/wp\/v2\/users\/22"}],"replies":[{"embeddable":true,"href":"https:\/\/blogs.correiobraziliense.com.br\/vicente\/wp-json\/wp\/v2\/comments?post=11768"}],"version-history":[{"count":3,"href":"https:\/\/blogs.correiobraziliense.com.br\/vicente\/wp-json\/wp\/v2\/posts\/11768\/revisions"}],"predecessor-version":[{"id":11772,"href":"https:\/\/blogs.correiobraziliense.com.br\/vicente\/wp-json\/wp\/v2\/posts\/11768\/revisions\/11772"}],"wp:featuredmedia":[{"embeddable":true,"href":"https:\/\/blogs.correiobraziliense.com.br\/vicente\/wp-json\/wp\/v2\/media\/11769"}],"wp:attachment":[{"href":"https:\/\/blogs.correiobraziliense.com.br\/vicente\/wp-json\/wp\/v2\/media?parent=11768"}],"wp:term":[{"taxonomy":"category","embeddable":true,"href":"https:\/\/blogs.correiobraziliense.com.br\/vicente\/wp-json\/wp\/v2\/categories?post=11768"},{"taxonomy":"post_tag","embeddable":true,"href":"https:\/\/blogs.correiobraziliense.com.br\/vicente\/wp-json\/wp\/v2\/tags?post=11768"}],"curies":[{"name":"wp","href":"https:\/\/api.w.org\/{rel}","templated":true}]}}