{"id":11765,"date":"2019-09-10T16:09:25","date_gmt":"2019-09-10T19:09:25","guid":{"rendered":"https:\/\/blogs.correiobraziliense.com.br\/vicente\/?p=11765"},"modified":"2019-09-10T16:09:25","modified_gmt":"2019-09-10T19:09:25","slug":"governo-fortalece-psl-e-major-vitor-hugo-em-nova-etapa-da-articulacao-politica","status":"publish","type":"post","link":"https:\/\/blogs.correiobraziliense.com.br\/vicente\/governo-fortalece-psl-e-major-vitor-hugo-em-nova-etapa-da-articulacao-politica\/","title":{"rendered":"Governo fortalece PSL e Major Vitor Hugo em nova etapa da articula\u00e7\u00e3o pol\u00edtica"},"content":{"rendered":"<p><span style=\"font-weight: 400\">RODOLFO COSTA<\/span><\/p>\n<p><span style=\"font-weight: 400\">A Secretaria de Governo da Presid\u00eancia da Rep\u00fablica, capitaneada pelo ministro Luiz Eduardo Ramos, iniciou, em conjunto com a lideran\u00e7a do governo na C\u00e2mara, exercida pelo deputado Major Vitor Hugo (PSL-GO), um processo de aproxima\u00e7\u00e3o do PSL ao Pal\u00e1cio do Planalto, a fim de fortalecer o partido para construir uma base formal de apoio ao Executivo com apoio de outras legenda. Em um almo\u00e7o na tarde desta ter\u00e7a-feira (10\/9) na casa do vice-presidente nacional da sigla, Ant\u00f4nio Rueda, foi sinalizado que a articula\u00e7\u00e3o pol\u00edtica ir\u00e1 destravar cargos e emendas de bancada para os pesselistas e para quem quiser votar com o governo.\u00a0<\/span><\/p>\n<p>&nbsp;<\/p>\n<p><span style=\"font-weight: 400\">O encontro, que reuniu a ampla maioria dos deputados do partido, foi organizado por Vitor Hugo. Afinal, na nova etapa da articula\u00e7\u00e3o pol\u00edtica conduzida por Ramos, ele ser\u00e1 o respons\u00e1vel por dialogar cargos e emendas na C\u00e2mara. Antes, o processo era conduzido pela l\u00edder do governo no Congresso, Joice Hasselmann (PSL-SP), que passar\u00e1 a conduzir estritamente as pautas que cabem ao posto exercido por ela: as interlocu\u00e7\u00f5es referentes a sess\u00f5es do Congresso, \u00e0s Comiss\u00f5es Especiais de Medidas Provis\u00f3rias (MPs), vetos presidenciais e vota\u00e7\u00f5es de Projetos de Lei do Congresso Nacional (PLNs).\u00a0<\/span><\/p>\n<p>&nbsp;<\/p>\n<p><span style=\"font-weight: 400\">Na pr\u00e1tica, Ramos fortalece Vitor Hugo nesse novo processo. Nos corredores do Planalto e do Congresso, dizem que Ramos deu uma enquadrada em Joice, que teria reclamado sobre o fortalecimento dado ao l\u00edder do governo na C\u00e2mara. Na reuni\u00e3o desta ter\u00e7a, o ministro evitou transparecer quaisquer rusgas com a parlamentar e frisou que a l\u00edder do governo no Congresso fez tudo ao alcance dela na etapa articulat\u00f3ria anterior, exercida pelo ministro-chefe da Casa Civil, Onyx Lorenzoni.\u00a0<\/span><\/p>\n<p>&nbsp;<\/p>\n<p><span style=\"font-weight: 400\">A partir de agora, frisou o ministro, a articula\u00e7\u00e3o ser\u00e1 feita com crit\u00e9rios de fidelidade ao governo. Ramos comentou de o governo estar aparelhado com apadrinhados pol\u00edticos de parlamentares que n\u00e3o votam com o Planalto. E garantiu que isso vai mudar, por respeito a quem \u00e9 base do Executivo, a exemplo do PSL. \u201cO PSL \u00e9 mais do que a pedra angular da base. Ele \u00e9 o pr\u00f3prio governo\u201d, destacou Vitor Hugo ao <\/span><b>Blog<\/b><span style=\"font-weight: 400\">, vocalizando as palavras de Ramos.\u00a0<\/span><\/p>\n<p>&nbsp;<\/p>\n<p><b>Lideran\u00e7a<\/b><\/p>\n<p><span style=\"font-weight: 400\">Durante a reuni\u00e3o, a bancada do PSL evitou comentar a respeito da disputa interna pela lideran\u00e7a do partido na C\u00e2mara, atualmente exercida pelo deputado Delegado Waldir (GO). No entanto, mesmo sem debates sobre o assunto, o sentimento \u00e9 de que ele j\u00e1 caiu. Parlamentares e interlocutores presentes informam ao Blog que 30 deputados assinaram uma lista pedindo novas elei\u00e7\u00f5es. Todos esses s\u00e3o favor\u00e1veis ao primeiro-vice-l\u00edder da legenda, Fel\u00edcio Later\u00e7a (RJ).\u00a0<\/span><\/p>\n<p>&nbsp;<\/p>\n<p><span style=\"font-weight: 400\">A vota\u00e7\u00e3o para decidir o futuro da lideran\u00e7a ainda n\u00e3o foi marcada, mas deve demorar para sair. Parlamentares querem celeridade no assunto. Como l\u00edder do governo na C\u00e2mara, Vitor Hugo adotou uma dist\u00e2ncia protocolar do debate, defendendo que a isen\u00e7\u00e3o de quem vier a vencer a disputa, mas admitiu que \u00e9 importante uma maior uni\u00e3o dentro do partido, at\u00e9 para possibilitar um melhor arranjo na composi\u00e7\u00e3o com demais legendas para a forma\u00e7\u00e3o da base. \u201cIsso \u00e9 imprescind\u00edvel. Quanto mais for unido, mais f\u00e1cil de atrair partidos para em torno do governo\u201d, sustentou.<\/span><\/p>\n<p>&nbsp;<\/p>\n<p><b>Base<\/b><span style=\"font-weight: 400\">\u00a0<\/span><\/p>\n<p><span style=\"font-weight: 400\">A constru\u00e7\u00e3o da base vem sendo articulada por Ramos e Vitor Hugo com outros partidos. Al\u00e9m do PSL, dialogaram com o Podemos e o Patriota. O l\u00edder do governo na C\u00e2mara explica que as conversas para a forma\u00e7\u00e3o da base iniciaram h\u00e1 \u201cmuito tempo\u201d, mas frisa que a chegada de Ramos na articula\u00e7\u00e3o oficializou o processo. \u201cFez com que se ganhasse novo impulso\u201d, explicou.\u00a0<\/span><\/p>\n<p>&nbsp;<\/p>\n<p><span style=\"font-weight: 400\">A aprova\u00e7\u00e3o da reforma da Previd\u00eancia na C\u00e2mara, comentou Vitor Hugo, aproximou outros partidos do governo. Mas n\u00e3o a ponto de cravar a constru\u00e7\u00e3o de uma base formal. \u201cFicou claro que existe uma base aliada, n\u00e3o em torno do governo, neste momento, ainda, mas das pautas econ\u00f4micas liberais. E como o governo nesta pauta tamb\u00e9m \u00e9 liberal, mostra que tem grande possibilidade de avan\u00e7armos cada vez mais na constru\u00e7\u00e3o dessa base formal\u201d, destacou. <\/span><\/p>\n","protected":false},"excerpt":{"rendered":"<p>RODOLFO COSTA A Secretaria de Governo da Presid\u00eancia da Rep\u00fablica, capitaneada pelo ministro Luiz Eduardo Ramos, iniciou, em conjunto com a lideran\u00e7a do governo na C\u00e2mara, exercida pelo deputado Major Vitor Hugo (PSL-GO), um processo de aproxima\u00e7\u00e3o do PSL ao Pal\u00e1cio do Planalto, a fim de fortalecer o partido para construir uma base formal de [&hellip;]<\/p>\n","protected":false},"author":22,"featured_media":11766,"comment_status":"open","ping_status":"closed","sticky":false,"template":"","format":"standard","meta":{"footnotes":""},"categories":[600],"tags":[254,4122,4123,467,3596,3989,3999,4124,3874],"class_list":["post-11765","post","type-post","status-publish","format-standard","has-post-thumbnail","hentry","category-economia","tag-congresso","tag-delegado-waldir","tag-felicio-laterca","tag-governo","tag-psl","tag-ramos","tag-secretaria-de-governo","tag-segov","tag-vitor-hugo"],"_links":{"self":[{"href":"https:\/\/blogs.correiobraziliense.com.br\/vicente\/wp-json\/wp\/v2\/posts\/11765","targetHints":{"allow":["GET"]}}],"collection":[{"href":"https:\/\/blogs.correiobraziliense.com.br\/vicente\/wp-json\/wp\/v2\/posts"}],"about":[{"href":"https:\/\/blogs.correiobraziliense.com.br\/vicente\/wp-json\/wp\/v2\/types\/post"}],"author":[{"embeddable":true,"href":"https:\/\/blogs.correiobraziliense.com.br\/vicente\/wp-json\/wp\/v2\/users\/22"}],"replies":[{"embeddable":true,"href":"https:\/\/blogs.correiobraziliense.com.br\/vicente\/wp-json\/wp\/v2\/comments?post=11765"}],"version-history":[{"count":1,"href":"https:\/\/blogs.correiobraziliense.com.br\/vicente\/wp-json\/wp\/v2\/posts\/11765\/revisions"}],"predecessor-version":[{"id":11767,"href":"https:\/\/blogs.correiobraziliense.com.br\/vicente\/wp-json\/wp\/v2\/posts\/11765\/revisions\/11767"}],"wp:featuredmedia":[{"embeddable":true,"href":"https:\/\/blogs.correiobraziliense.com.br\/vicente\/wp-json\/wp\/v2\/media\/11766"}],"wp:attachment":[{"href":"https:\/\/blogs.correiobraziliense.com.br\/vicente\/wp-json\/wp\/v2\/media?parent=11765"}],"wp:term":[{"taxonomy":"category","embeddable":true,"href":"https:\/\/blogs.correiobraziliense.com.br\/vicente\/wp-json\/wp\/v2\/categories?post=11765"},{"taxonomy":"post_tag","embeddable":true,"href":"https:\/\/blogs.correiobraziliense.com.br\/vicente\/wp-json\/wp\/v2\/tags?post=11765"}],"curies":[{"name":"wp","href":"https:\/\/api.w.org\/{rel}","templated":true}]}}