{"id":11758,"date":"2019-09-09T10:38:44","date_gmt":"2019-09-09T13:38:44","guid":{"rendered":"https:\/\/blogs.correiobraziliense.com.br\/vicente\/?p=11758"},"modified":"2019-09-09T12:45:34","modified_gmt":"2019-09-09T15:45:34","slug":"mercado-reduz-previsoes-e-economia-deve-continuar-fraca-em-2020","status":"publish","type":"post","link":"https:\/\/blogs.correiobraziliense.com.br\/vicente\/mercado-reduz-previsoes-e-economia-deve-continuar-fraca-em-2020\/","title":{"rendered":"Mercado reduz previs\u00f5es e economia deve continuar fraca em 2020"},"content":{"rendered":"<h6>ROSANA HESSEL<\/h6>\n<p><span style=\"font-weight: 400\">Apesar de a reforma da Previd\u00eancia estar caminhando no Senado Federal, o otimismo do mercado de que a economia vai reagir n\u00e3o est\u00e1 sendo retomado. As estimativas de crescimento do Produto Interno Bruto (PIB) de 2020 ca\u00edram nesta semana, de acordo com as previs\u00f5es do boletim semanal Focus do Banco Central (BC). Analistas admitem que o pa\u00eds n\u00e3o conseguir\u00e1 crescer acima de 2% no pr\u00f3ximo ano, em fun\u00e7\u00e3o da fraca atividade do pa\u00eds em meio ao desemprego elevado, atingindo 12,6 milh\u00f5es de pessoas.\u00a0<\/span><\/p>\n<p><span style=\"font-weight: 400\">\u201cN\u00e3o h\u00e1 sinais de uma retomada mais firme na economia brasileira no ano que vem. H\u00e1 uma desconfian\u00e7a de que o PIB n\u00e3o vai sustentar um crescimento acima de 2%, impondo um vi\u00e9s de baixa para as previs\u00f5es de 2020\u201d, explicou ao <\/span><b>Blog <\/b><span style=\"font-weight: 400\">o economista-chefe da SulAm\u00e9rica Investimentos, Newton Rosa.<\/span><\/p>\n<p><span style=\"font-weight: 400\">Conforme o boletim do BC divulgado nesta segunda-feira (9\/9), a mediana das expectativas do PIB para o ano que vem passaram de 2,10% para 2,07%. Para este ano, a previs\u00e3o foi mantida em 0,87%. \u201cN\u00e3o h\u00e1 um otimismo exacerbado do mercado com a aprova\u00e7\u00e3o da reforma da Previd\u00eancia e seu impacto imediato na economia. A realidade \u00e9 que n\u00e3o houve um choque de confian\u00e7a suficiente para dar um crescimento mais forte na ind\u00fastria e no consumo\u201d, explicou Rosa.<\/span><\/p>\n<p><span style=\"font-weight: 400\">N\u00e3o \u00e0 toa, as estimativas para a infla\u00e7\u00e3o oficial, medida pelo \u00cdndice de Pre\u00e7os ao Consumidor Amplo (IPCA), foram reduzidas pelo mercado pela quinta vez consecutiva, ficando em 3,54% nesta semana, abaixo do centro da meta do Conselho Monet\u00e1rio Nacional (CMN), de 4,25%. \u201cA demanda interna continua fraca e, por conta disso, os pre\u00e7os n\u00e3o t\u00eam for\u00e7as para subirem\u201d, resumiu Rosa, acrescentando que, diante desse quadro de atividade fraca e custo de vida abaixo da meta<\/span><span style=\"font-weight: 400\">, o Banco Central dever\u00e1 dar continuidade ao ciclo de cortes da taxa b\u00e1sica da economia (Selic). Atualmente, os juros b\u00e1sicos est\u00e3o em 6% ao ano e a expectativa de Rosa \u00e9 que a Selic chegue a 5% at\u00e9 o fim do ano.<\/span><\/p>\n","protected":false},"excerpt":{"rendered":"<p>ROSANA HESSEL Apesar de a reforma da Previd\u00eancia estar caminhando no Senado Federal, o otimismo do mercado de que a economia vai reagir n\u00e3o est\u00e1 sendo retomado. As estimativas de crescimento do Produto Interno Bruto (PIB) de 2020 ca\u00edram nesta semana, de acordo com as previs\u00f5es do boletim semanal Focus do Banco Central (BC). Analistas [&hellip;]<\/p>\n","protected":false},"author":22,"featured_media":11505,"comment_status":"open","ping_status":"closed","sticky":false,"template":"","format":"standard","meta":{"footnotes":""},"categories":[600],"tags":[3,4098,14,1213,753,58,34],"class_list":["post-11758","post","type-post","status-publish","format-standard","has-post-thumbnail","hentry","category-economia","tag-banco-central","tag-focus","tag-inflacao","tag-ipca","tag-mercado","tag-pib","tag-selic"],"_links":{"self":[{"href":"https:\/\/blogs.correiobraziliense.com.br\/vicente\/wp-json\/wp\/v2\/posts\/11758","targetHints":{"allow":["GET"]}}],"collection":[{"href":"https:\/\/blogs.correiobraziliense.com.br\/vicente\/wp-json\/wp\/v2\/posts"}],"about":[{"href":"https:\/\/blogs.correiobraziliense.com.br\/vicente\/wp-json\/wp\/v2\/types\/post"}],"author":[{"embeddable":true,"href":"https:\/\/blogs.correiobraziliense.com.br\/vicente\/wp-json\/wp\/v2\/users\/22"}],"replies":[{"embeddable":true,"href":"https:\/\/blogs.correiobraziliense.com.br\/vicente\/wp-json\/wp\/v2\/comments?post=11758"}],"version-history":[{"count":3,"href":"https:\/\/blogs.correiobraziliense.com.br\/vicente\/wp-json\/wp\/v2\/posts\/11758\/revisions"}],"predecessor-version":[{"id":11761,"href":"https:\/\/blogs.correiobraziliense.com.br\/vicente\/wp-json\/wp\/v2\/posts\/11758\/revisions\/11761"}],"wp:featuredmedia":[{"embeddable":true,"href":"https:\/\/blogs.correiobraziliense.com.br\/vicente\/wp-json\/wp\/v2\/media\/11505"}],"wp:attachment":[{"href":"https:\/\/blogs.correiobraziliense.com.br\/vicente\/wp-json\/wp\/v2\/media?parent=11758"}],"wp:term":[{"taxonomy":"category","embeddable":true,"href":"https:\/\/blogs.correiobraziliense.com.br\/vicente\/wp-json\/wp\/v2\/categories?post=11758"},{"taxonomy":"post_tag","embeddable":true,"href":"https:\/\/blogs.correiobraziliense.com.br\/vicente\/wp-json\/wp\/v2\/tags?post=11758"}],"curies":[{"name":"wp","href":"https:\/\/api.w.org\/{rel}","templated":true}]}}