{"id":11752,"date":"2019-09-05T20:21:42","date_gmt":"2019-09-05T23:21:42","guid":{"rendered":"https:\/\/blogs.correiobraziliense.com.br\/vicente\/?p=11752"},"modified":"2019-09-05T20:21:42","modified_gmt":"2019-09-05T23:21:42","slug":"atribuicao-ao-gsi-da-escolha-de-aras-para-a-pgr-deixou-heleno-visivelmente-incomodado","status":"publish","type":"post","link":"https:\/\/blogs.correiobraziliense.com.br\/vicente\/atribuicao-ao-gsi-da-escolha-de-aras-para-a-pgr-deixou-heleno-visivelmente-incomodado\/","title":{"rendered":"Atribui\u00e7\u00e3o ao GSI da escolha de Aras para a PGR deixou Heleno visivelmente incomodado"},"content":{"rendered":"<p><span style=\"font-weight: 400\">RODOLFO COSTA<\/span><\/p>\n<p>&nbsp;<\/p>\n<p><span style=\"font-weight: 400\">N\u00e3o caiu bem a informa\u00e7\u00e3o de que o Gabinete de Seguran\u00e7a Institucional (GSI) teria comunicado diretamente ao subprocurador-geral Augusto Aras a informa\u00e7\u00e3o de que ele havia sido o escolhido pelo presidente Jair Bolsonaro para a Procuradoria-Geral da Rep\u00fablica (PGR). O titular da pasta, Augusto Heleno, n\u00e3o apenas desmentiu a informa\u00e7\u00e3o no Twitter, como, tamb\u00e9m, mostrou-se bastante incomodado \u00e0s pessoas mais pr\u00f3ximas.<\/span><\/p>\n<p>&nbsp;<\/p>\n<p><span style=\"font-weight: 400\">Para o ministro, foi mais um epis\u00f3dio do que ele vem classificando de \u201cdesonestidade intelectual\u201d da imprensa. A informa\u00e7\u00e3o de que o GSI teria formalmente comunicado Aras sobre a indica\u00e7\u00e3o foi prontamente recha\u00e7ada. O problema\u00a0<\/span><span style=\"font-weight: 400\">\u00e9 que, pouco depois, Bolsonaro confirmou, pessoalmente, a escolha do subprocurador.\u00a0<\/span><\/p>\n<p>&nbsp;<\/p>\n<p><span style=\"font-weight: 400\">A imagem que ficou foi de que Heleno estaria desmentindo uma decis\u00e3o do pr\u00f3prio presidente, situa\u00e7\u00e3o que ele n\u00e3o fez. N\u00e3o pegou bem e ele ficou visivelmente incomodado, dizem interlocutores ao <strong>Blog<\/strong>. No Twitter, mandou um recado a toda a imprensa. \u201cA quem interessar possa, principalmente aos jornalistas que cobrem o Pal\u00e1cio do Planalto. O ministro-chefe do GSI informa que essa institui\u00e7\u00e3o, em nenhum momento, anunciou qualquer nome para a PGR. A not\u00edcia \u00e9 mentirosa e plantada!\u201d, disparou. <\/span><\/p>\n","protected":false},"excerpt":{"rendered":"<p>RODOLFO COSTA &nbsp; N\u00e3o caiu bem a informa\u00e7\u00e3o de que o Gabinete de Seguran\u00e7a Institucional (GSI) teria comunicado diretamente ao subprocurador-geral Augusto Aras a informa\u00e7\u00e3o de que ele havia sido o escolhido pelo presidente Jair Bolsonaro para a Procuradoria-Geral da Rep\u00fablica (PGR). O titular da pasta, Augusto Heleno, n\u00e3o apenas desmentiu a informa\u00e7\u00e3o no Twitter, [&hellip;]<\/p>\n","protected":false},"author":22,"featured_media":11753,"comment_status":"open","ping_status":"closed","sticky":false,"template":"","format":"standard","meta":{"footnotes":""},"categories":[600],"tags":[4063,2554,3998,3997,191],"class_list":["post-11752","post","type-post","status-publish","format-standard","has-post-thumbnail","hentry","category-economia","tag-aras","tag-bolsonaro","tag-gsi","tag-heleno","tag-pgr"],"_links":{"self":[{"href":"https:\/\/blogs.correiobraziliense.com.br\/vicente\/wp-json\/wp\/v2\/posts\/11752","targetHints":{"allow":["GET"]}}],"collection":[{"href":"https:\/\/blogs.correiobraziliense.com.br\/vicente\/wp-json\/wp\/v2\/posts"}],"about":[{"href":"https:\/\/blogs.correiobraziliense.com.br\/vicente\/wp-json\/wp\/v2\/types\/post"}],"author":[{"embeddable":true,"href":"https:\/\/blogs.correiobraziliense.com.br\/vicente\/wp-json\/wp\/v2\/users\/22"}],"replies":[{"embeddable":true,"href":"https:\/\/blogs.correiobraziliense.com.br\/vicente\/wp-json\/wp\/v2\/comments?post=11752"}],"version-history":[{"count":1,"href":"https:\/\/blogs.correiobraziliense.com.br\/vicente\/wp-json\/wp\/v2\/posts\/11752\/revisions"}],"predecessor-version":[{"id":11754,"href":"https:\/\/blogs.correiobraziliense.com.br\/vicente\/wp-json\/wp\/v2\/posts\/11752\/revisions\/11754"}],"wp:featuredmedia":[{"embeddable":true,"href":"https:\/\/blogs.correiobraziliense.com.br\/vicente\/wp-json\/wp\/v2\/media\/11753"}],"wp:attachment":[{"href":"https:\/\/blogs.correiobraziliense.com.br\/vicente\/wp-json\/wp\/v2\/media?parent=11752"}],"wp:term":[{"taxonomy":"category","embeddable":true,"href":"https:\/\/blogs.correiobraziliense.com.br\/vicente\/wp-json\/wp\/v2\/categories?post=11752"},{"taxonomy":"post_tag","embeddable":true,"href":"https:\/\/blogs.correiobraziliense.com.br\/vicente\/wp-json\/wp\/v2\/tags?post=11752"}],"curies":[{"name":"wp","href":"https:\/\/api.w.org\/{rel}","templated":true}]}}