{"id":11741,"date":"2019-09-05T16:38:53","date_gmt":"2019-09-05T19:38:53","guid":{"rendered":"https:\/\/blogs.correiobraziliense.com.br\/vicente\/?p=11741"},"modified":"2019-09-05T18:50:27","modified_gmt":"2019-09-05T21:50:27","slug":"alinhamento-em-relacao-ao-meio-ambiente-convence-e-bolsonaro-escolhe-aras-para-a-pgr-entenda-motivos","status":"publish","type":"post","link":"https:\/\/blogs.correiobraziliense.com.br\/vicente\/alinhamento-em-relacao-ao-meio-ambiente-convence-e-bolsonaro-escolhe-aras-para-a-pgr-entenda-motivos\/","title":{"rendered":"Alinhamento em rela\u00e7\u00e3o ao meio ambiente convence e Bolsonaro escolhe Aras para a PGR; entenda os motivos"},"content":{"rendered":"<p><span style=\"font-weight: 400\">RODOLFO COSTA<\/span><\/p>\n<p><span style=\"font-weight: 400\">O subprocurador-geral Augusto Aras disparou na \u201cbolsa de apostas\u201d entre os indicados \u00e0 Procuradoria-Geral da Rep\u00fablica (PGR). Entre aliados do presidente Jair Bolsonaro e nos corredores do Pal\u00e1cio do Planalto, a informa\u00e7\u00e3o que circula \u00e9 de que ele ser\u00e1 o escolhido. Alguns, no entanto, adotam cautela, ressaltando que n\u00e3o seria imposs\u00edvel o chefe do Executivo federal voltar atr\u00e1s e escolher outro nome. A verdade, sustentam, \u00e9 que ele conseguiu agradar Bolsonaro dando demonstra\u00e7\u00f5es robustas de alinhamento em uma das pautas mais debatidas pelo governo: a quest\u00e3o ambiental.\u00a0<\/span><\/p>\n<p>&nbsp;<\/p>\n<p><span style=\"font-weight: 400\">Veio de Aras a a\u00e7\u00e3o do Minist\u00e9rio P\u00fablico Federal (MPF) para resolver o caso do linh\u00e3o de Manaus\/BoaVista, travado h\u00e1 anos por impasses com os povos ind\u00edgenas. Veio de Aras a pe\u00e7a jur\u00eddica em defesa do interesse p\u00fablico do projeto, ao assegurar os interesses da popula\u00e7\u00e3o de Roraima, com ganho de causa no Tribunal Regional Federal da 1\u00aa Regi\u00e3o (TRF-1), que determinou a continuidade das obras do linh\u00e3o.\u00a0<\/span><\/p>\n<p>&nbsp;<\/p>\n<p><span style=\"font-weight: 400\">A atua\u00e7\u00e3o de Aras conquistou o apre\u00e7o do ministro da Infraestrutura, Tarc\u00edsio de Freitas. Desde a \u00faltima sexta-feira (30\/8), Bolsonaro reiteradamente diz que o auxiliar comp\u00f5e seu \u201cCentr\u00e3o\u201d, formado por ele, e pelos ministros da Justi\u00e7a, S\u00e9rgio Moro, e da Economia, Paulo Guedes. Coordenador da 3\u00aa C\u00e2mara da Ordem Econ\u00f4mica e Consumidor, Aras tem dado sinais de atuar em uma linha din\u00e2mica a favor do desenvolvimento do pa\u00eds, apontam pessoas pr\u00f3ximas.\u00a0<\/span><\/p>\n<p>&nbsp;<\/p>\n<p><span style=\"font-weight: 400\">Outro alinhamento entre e Tarc\u00edsio foi observado no leil\u00e3o da Ferrovia Norte-Sul. Em dobradinha entre o MPF e o Minist\u00e9rio da Infraestrutura, Aras afastou \u00f3bices ao leil\u00e3o do Tramo Central da obra, firmando Termo de Entendimentos com o governo federal, em mar\u00e7o, assegurando, assim, o direito de passagem e o desenvolvimento da concorr\u00eancia ferrovi\u00e1ria, destravando o processo que culminou no sucesso do leil\u00e3o com valor de outorga de 100% do inicialmente previsto, em uma arrecada\u00e7\u00e3o de R$ 2,7 bilh\u00f5es.\u00a0<\/span><\/p>\n<p>&nbsp;<\/p>\n<p><span style=\"font-weight: 400\">O <\/span><b>Blog<\/b><span style=\"font-weight: 400\"> ouviu de um deputado aliado do governo no Congresso, em cerim\u00f4nia realizada pela manh\u00e3 do lan\u00e7amento do programa para a implanta\u00e7\u00e3o de escolas c\u00edvico-militares, que Aras ser\u00e1 o escolhido. E confirmou a informa\u00e7\u00e3o junto a outros dois interlocutores governistas no Pal\u00e1cio do Planalto. Mais cedo, o ex-deputado federal Alberto Fraga (DEM-DF) havia <a href=\"https:\/\/blogs.correiobraziliense.com.br\/vicente\/bolsonaro-chama-fraga-no-planalto-para-falar-sobre-escolha-do-novo-pgr\/\"><strong>bancado ao<\/strong> <\/a><\/span><b>Blog<\/b><span style=\"font-weight: 400\"> que ele era o mais cotado.\u00a0<\/span><\/p>\n<p>&nbsp;<\/p>\n<p><b>Perfil<\/b><\/p>\n<p><span style=\"font-weight: 400\">Todas as quatro fontes ouvidas evitam, contudo, cravar o nome de Aras. \u201cO nome \u00e9 ele, mas o presidente ainda vai se reunir com mais gente, hoje, antes de bater o martelo\u201d, explicou um interlocutor. O subprocurador vem se movimentando estrategicamente junto a pessoas pr\u00f3ximas do governo. Sofreu \u201csabatinas\u201d por essas pessoas e foi aprovado.\u00a0<\/span><\/p>\n<p>&nbsp;<\/p>\n<p><span style=\"font-weight: 400\">Quando Aras chegou a ser anunciado como um nome forte, ainda em agosto, ele foi duramente criticado internamente, no MPF, por defensores da lista tr\u00edplice, e externamente, nas redes sociais, por apoiadores do presidente. Nas m\u00eddias, a informa\u00e7\u00e3o que circulava era de que ele era alinhado com a esquerda, depois de declara\u00e7\u00f5es antigas virem \u00e0 tona, em que ele chega a citar uma c\u00e9lebre frase atribu\u00edda ao revolucion\u00e1rio argentino Che Guevara: \u201cH\u00e1 que endurecer sem perder a ternura.\u201d<\/span><\/p>\n<p>&nbsp;<\/p>\n<p><span style=\"font-weight: 400\">Apesar da frase ser atribu\u00edda a ele, n\u00e3o foi Che Guevara o primeiro a cit\u00e1-la. Nos bastidores, defendeu-se como uma pessoa conservadora, pr\u00f3-Lava Jato e a favor do desenvolvimento sustent\u00e1vel. Citou que cogita ampliar a Lava Jato a outras unidades da federa\u00e7\u00e3o, e que trabalharia para contribuir com o crescimento econ\u00f4mico brasileiro, a exemplo das dobradinhas feitas com Tarc\u00edsio. Assim, ele convenceu, em boa parte, alguns dos principais aliados de Bolsonaro. A proximidade dele com o DEM e at\u00e9 o MDB, no entanto, s\u00f3 n\u00e3o convenceu alguns no Planalto a respeito da atua\u00e7\u00e3o dele no combate \u00e0 corrup\u00e7\u00e3o no Congresso.\u00a0<\/span><\/p>\n<p>&nbsp;<\/p>\n<p>O Planalto avalia que, em rela\u00e7\u00e3o ao combate \u00e0 corrup\u00e7\u00e3o, haviam nomes t\u00e3o bons quanto ou at\u00e9 melhores que Aras. Mas, no &#8220;conjunto da obra&#8221;, o perfil dele atendeu \u00e0s exig\u00eancias de Bolsonaro. Na cerim\u00f4nia desta manh\u00e3, ele defendeu um candidato que tenha em &#8220;um uma das m\u00e3os&#8221; a &#8220;bandeira do Brasil&#8221; e, na outra, a &#8220;nossa Constitui\u00e7\u00e3o&#8221;. &#8220;N\u00e3o podemos ter uma pessoa radical na quest\u00e3o ambiental, que vai simplesmente botar nosso agroneg\u00f3cio para baixo, dada sua forma xiita de agir. Sabemos que alguns s\u00e3o assim, e que n\u00e3o atrapalhem nossa infraestrutura do capit\u00e3o Tarc\u00edsio&#8221;, destacou.<\/p>\n<p>&nbsp;<\/p>\n<p>Para Bolsonaro, muitos dos impedimentos dos \u00faltimos anos para &#8220;rasgar&#8221;, duplicar ou recuperar obras de infraestrutura, por exemplo, vieram do MPF. &#8220;Q<span style=\"font-weight: 400\">ueremos algu\u00e9m n\u00e3o que engavete tudo, mas algu\u00e9m que tenha consci\u00eancia, super poderes, mas um poder que, acima de tudo, tenha que estar preocupado com o desenvolvimento do nosso Brasil&#8221;, disse. Antes, frisou que, &#8220;apanharia de qualquer maneira&#8221;. &#8220;Todos que conversaram comigo, na minha sala, levaram tiro. &#8216;Esse \u00e9 amigo n\u00e3o sei de quem, esse \u00e9 petista, esse \u00e9 direita demais, esse aquilo'&#8221;, ironizou.\u00a0<\/span><\/p>\n<p>&nbsp;<\/p>\n<p><b>Realiza\u00e7\u00f5es<\/b><\/p>\n<p><span style=\"font-weight: 400\">Os feitos de Aras a favor do desenvolvimento econ\u00f4mico est\u00e3o sendo compartilhadas a pessoas pr\u00f3ximas, como uma esp\u00e9cie de \u201cperfil\u201d de suas realiza\u00e7\u00f5es. O <\/span><b>Blog<\/b><span style=\"font-weight: 400\"> obteve acesso a esse comunicado. Outra atua\u00e7\u00e3o do subprocurador ocorreu no setor agropecu\u00e1rio, onde, a pedido das Associa\u00e7\u00f5es de Produtores de Soja, Algod\u00e3o, Milho, Caf\u00e9, ele \u201cabriu portas\u201d para a defesa da agricultura brasileira, possibilitando que produtores possam prestar os esclarecimentos de que a pulveriza\u00e7\u00e3o a\u00e9rea, com as medidas t\u00e9cnicas corretas, respeita a vida e n\u00e3o se mostra em empecilho para o avan\u00e7o da produ\u00e7\u00e3o agr\u00edcola tecnol\u00f3gica e respons\u00e1vel, em conson\u00e2ncia com as melhores pr\u00e1ticas das na\u00e7\u00f5es desenvolvidas.\u00a0<\/span><\/p>\n<p>&nbsp;<\/p>\n<p><span style=\"font-weight: 400\">O subprocurador sustenta, ainda, trabalhar com associa\u00e7\u00f5es de empres\u00e1rios do setor da cabotagem para que os fatores que inibem a concorr\u00eancia e eliminam empregos sejam ajustados na dire\u00e7\u00e3o que desafogue as rodovias e ofere\u00e7a melhorias na competitividade. Esse esfor\u00e7o, garante, est\u00e1 em conson\u00e2ncia com o governo federal. Ele sustenta, ainda, lutar para encontrar \u201cpontos de equil\u00edbrio\u201d entre as empresas ofertantes dos planos de sa\u00fade e os consumidores, \u201cde tal modo que o pre\u00e7o justo dos servi\u00e7os assegure o fortalecimentos das empresas do setor e, ao mesmo tempo, amplie a oferta de servi\u00e7os m\u00e9dicos hospitalares com a qualidade desejada pela popula\u00e7\u00e3o.\u201d<\/span><\/p>\n<p>&nbsp;<\/p>\n<p><span style=\"font-weight: 400\">Al\u00e9m disso, Aras mant\u00e9m contatos frequentes com as Associa\u00e7\u00f5es das Zonas de Processamento de Exporta\u00e7\u00f5es (ZPE), em alinhamento com estudos recentes da Organiza\u00e7\u00e3o das Na\u00e7\u00f5es Unidas (ONU), apontando que est\u00e3o contribuindo para o aumento do PIB em 108 pa\u00edses. \u201cEsse canal de est\u00edmulos \u00e0s exporta\u00e7\u00f5es foi trilhado pela China que opera, atualmente, cerca de 4 mil zonas de exporta\u00e7\u00e3o\u201d, sustentou, em nota.<\/span><\/p>\n","protected":false},"excerpt":{"rendered":"<p>RODOLFO COSTA O subprocurador-geral Augusto Aras disparou na \u201cbolsa de apostas\u201d entre os indicados \u00e0 Procuradoria-Geral da Rep\u00fablica (PGR). Entre aliados do presidente Jair Bolsonaro e nos corredores do Pal\u00e1cio do Planalto, a informa\u00e7\u00e3o que circula \u00e9 de que ele ser\u00e1 o escolhido. Alguns, no entanto, adotam cautela, ressaltando que n\u00e3o seria imposs\u00edvel o chefe [&hellip;]<\/p>\n","protected":false},"author":22,"featured_media":11742,"comment_status":"open","ping_status":"closed","sticky":false,"template":"","format":"standard","meta":{"footnotes":""},"categories":[600],"tags":[4063,4067,2554,254,191],"class_list":["post-11741","post","type-post","status-publish","format-standard","has-post-thumbnail","hentry","category-economia","tag-aras","tag-augusto-aras","tag-bolsonaro","tag-congresso","tag-pgr"],"_links":{"self":[{"href":"https:\/\/blogs.correiobraziliense.com.br\/vicente\/wp-json\/wp\/v2\/posts\/11741","targetHints":{"allow":["GET"]}}],"collection":[{"href":"https:\/\/blogs.correiobraziliense.com.br\/vicente\/wp-json\/wp\/v2\/posts"}],"about":[{"href":"https:\/\/blogs.correiobraziliense.com.br\/vicente\/wp-json\/wp\/v2\/types\/post"}],"author":[{"embeddable":true,"href":"https:\/\/blogs.correiobraziliense.com.br\/vicente\/wp-json\/wp\/v2\/users\/22"}],"replies":[{"embeddable":true,"href":"https:\/\/blogs.correiobraziliense.com.br\/vicente\/wp-json\/wp\/v2\/comments?post=11741"}],"version-history":[{"count":5,"href":"https:\/\/blogs.correiobraziliense.com.br\/vicente\/wp-json\/wp\/v2\/posts\/11741\/revisions"}],"predecessor-version":[{"id":11745,"href":"https:\/\/blogs.correiobraziliense.com.br\/vicente\/wp-json\/wp\/v2\/posts\/11741\/revisions\/11745"}],"wp:featuredmedia":[{"embeddable":true,"href":"https:\/\/blogs.correiobraziliense.com.br\/vicente\/wp-json\/wp\/v2\/media\/11742"}],"wp:attachment":[{"href":"https:\/\/blogs.correiobraziliense.com.br\/vicente\/wp-json\/wp\/v2\/media?parent=11741"}],"wp:term":[{"taxonomy":"category","embeddable":true,"href":"https:\/\/blogs.correiobraziliense.com.br\/vicente\/wp-json\/wp\/v2\/categories?post=11741"},{"taxonomy":"post_tag","embeddable":true,"href":"https:\/\/blogs.correiobraziliense.com.br\/vicente\/wp-json\/wp\/v2\/tags?post=11741"}],"curies":[{"name":"wp","href":"https:\/\/api.w.org\/{rel}","templated":true}]}}