{"id":11732,"date":"2019-09-05T10:19:43","date_gmt":"2019-09-05T13:19:43","guid":{"rendered":"https:\/\/blogs.correiobraziliense.com.br\/vicente\/?p=11732"},"modified":"2019-09-05T13:06:43","modified_gmt":"2019-09-05T16:06:43","slug":"bolsonaro-chama-fraga-no-planalto-para-falar-sobre-escolha-do-novo-pgr","status":"publish","type":"post","link":"https:\/\/blogs.correiobraziliense.com.br\/vicente\/bolsonaro-chama-fraga-no-planalto-para-falar-sobre-escolha-do-novo-pgr\/","title":{"rendered":"Bolsonaro chama Fraga no Planalto para falar sobre escolha do novo PGR"},"content":{"rendered":"<h6><strong>RODOLFO COSTA<\/strong><\/h6>\n<p><span style=\"font-weight: 400\">A escolha do indicado \u00e0 Procuradoria-Geral da Rep\u00fablica (PGR) deve sinalizar com quem o presidente Jair Bolsonaro est\u00e1 mais alinhado. Em um cen\u00e1rio em que todos os nomes cotados est\u00e3o em meio a um fogo cruzado, provocado por acusa\u00e7\u00f5es e cr\u00edticas \u2014 externas e internas no Minist\u00e9rio P\u00fablico Federal (MPF) \u2014, est\u00e1 mais claro para aliados, l\u00edderes e ministros do governo que a dificuldade na defini\u00e7\u00e3o reside em quem ter\u00e1 o maior poder de influ\u00eancia junto ao chefe do Executivo.<\/span><\/p>\n<p>&nbsp;<\/p>\n<p><span style=\"font-weight: 400\">O presidente tem sido muito aconselhado e recebido subs\u00eddios de diferentes frentes. Cada um apoia um candidato diferente. Como Bolsonaro disse que o futuro titular da PGR ser\u00e1 a &#8220;dama&#8221; do tabuleiro de xadrez do governo, a defini\u00e7\u00e3o de um nome sugerido por um aliado mostra o peso que ele tem junto ao capit\u00e3o reformado. <\/span><\/p>\n<p>&nbsp;<\/p>\n<p><span style=\"font-weight: 400\">Mesmo fritado em um primeiro momento por aliados de Bolsonaro no Congresso, o subprocurador-geral Augusto Aras tem o respaldo do ex-deputado federal Alberto Fraga (DEM-DF), presidente do diret\u00f3rio distrital do partido, e continua bem cotado na &#8220;bolsa de apostas&#8221;.<\/span><\/p>\n<h2><\/h2>\n<h2><strong>Bem cotado<\/strong><\/h2>\n<p><span style=\"font-weight: 400\">O <\/span><b>Blog<\/b><span style=\"font-weight: 400\"> conversou com Fraga na chegada dele, a s\u00f3s, ao Pal\u00e1cio do Planalto, nesta quinta-feira (5\/9). Disse que foi chamado diretamente por Bolsonaro para uma reuni\u00e3o. E bancou que Aras \u00e9 o nome mais cotado, ao recha\u00e7ar a possibilidade de indica\u00e7\u00e3o da atual procuradora-geral da Rep\u00fablica, Raquel Dodge, e do subprocurador-geral Antonio Carlos Sim\u00f5es Soares. \u201cO nome \u00e9 o Aras, mas vamos esperar o presidente decidir\u201d, destacou.<\/span><\/p>\n<p>&nbsp;<\/p>\n<p><span style=\"font-weight: 400\">Amigo de Aras e de Bolsonaro, Fraga intermediou duas reuni\u00f5es entre os dois no s\u00e1bado (31\/8) e na quarta-feira (28\/8). O presidente, no entanto, tamb\u00e9m tem outros bons relacionamentos. A exemplo dos 15 anos de conv\u00edvio com o ministro-chefe da Secretaria-Geral, Jorge Oliveira. O auxiliar se reuniu com Dodge em cerca de 15 ocasi\u00f5es desde que o chefe do Executivo iniciou as entrevistas com indicados \u00e0 PGR.\u00a0<\/span><\/p>\n<h2><b><br \/>\nOp\u00e7\u00f5es<\/b><\/h2>\n<p><span style=\"font-weight: 400\">Como o <\/span><b>Blog<\/b><span style=\"font-weight: 400\"><strong><a href=\"https:\/\/blogs.correiobraziliense.com.br\/vicente\/alinhada-a-ministro-da-secretaria-geral-dodge-esta-bem-cotada-para-reconducao-a-pgr\/\"> mostrou ontem<\/a><\/strong>, no que depender de Jorge, Dodge ser\u00e1 reconduzida. Mas o boicote a ela feito por seis procuradores integrantes da for\u00e7a-tarefa da Lava Jato na PGR, com <a href=\"https:\/\/www.correiobraziliense.com.br\/app\/noticia\/politica\/2019\/09\/04\/interna_politica,780798\/procuradores-da-lava-jato-na-pgr-entregam-cargos-em-protesto-contra-do.shtml\"><strong>entrega de cargos<\/strong><\/a>, \u00e9 visto por alguns como um rev\u00e9s \u00e0 recondu\u00e7\u00e3o. De qualquer maneira, h\u00e1, ainda, outros nomes no p\u00e1reo. Como Sim\u00f5es, apoiado por parte dos militares e pelo senador Fl\u00e1vio Bolsonaro (PSL-RJ), primog\u00eanito do presidente.<\/span><\/p>\n<p><span style=\"font-weight: 400\"><br \/>\nOutra ala dos militares sugere a Bolsonaro o procurador regional Lauro Cardoso. Um dos apoiadores dele \u00e9 o l\u00edder do governo na C\u00e2mara, Major Vitor Hugo (PSL-GO). O perfil dele \u00e9 um dos que mais agrada o chefe do Executivo federal, mas pesa contra ele n\u00e3o ser um subprocurador. O presidente do Supremo Tribunal Federal (STF), Dias Toffoli, tem alertado o Planalto a respeito da possibilidade de indica\u00e7\u00e3o de um procurador regional. Na Corte, n\u00e3o \u00e9 algo bem visto.<\/p>\n<p><\/span><\/p>\n<h2><b>Data<\/b><\/h2>\n<p><span style=\"font-weight: 400\">Assim como est\u00e3o divididas as frentes de apoio a um indicado \u00e0 PGR, a previs\u00e3o de an\u00fancio tamb\u00e9m. No Planalto, circulava at\u00e9 quarta-feira (4\/9) a possibilidade de o an\u00fancio ser realizado na pr\u00f3xima semana, mesmo depois de Bolsonaro ser submetido a uma quarta cirurgia, no domingo (8\/9), ap\u00f3s a interna\u00e7\u00e3o na noite de s\u00e1bado (7\/9) no <\/span><span style=\"font-weight: 400\">Hospital Vila Nova Star. Ao Blog, Fraga garante que o an\u00fancio ser\u00e1 feito ainda nesta quinta.<\/span><\/p>\n","protected":false},"excerpt":{"rendered":"<p>RODOLFO COSTA A escolha do indicado \u00e0 Procuradoria-Geral da Rep\u00fablica (PGR) deve sinalizar com quem o presidente Jair Bolsonaro est\u00e1 mais alinhado. Em um cen\u00e1rio em que todos os nomes cotados est\u00e3o em meio a um fogo cruzado, provocado por acusa\u00e7\u00f5es e cr\u00edticas \u2014 externas e internas no Minist\u00e9rio P\u00fablico Federal (MPF) \u2014, est\u00e1 mais [&hellip;]<\/p>\n","protected":false},"author":22,"featured_media":11738,"comment_status":"open","ping_status":"closed","sticky":false,"template":"","format":"standard","meta":{"footnotes":""},"categories":[600],"tags":[4063,2554,4120,2458,4117,4119,191,4118],"class_list":["post-11732","post","type-post","status-publish","format-standard","has-post-thumbnail","hentry","category-economia","tag-aras","tag-bolsonaro","tag-cardoso","tag-dodge","tag-fraga","tag-lauro","tag-pgr","tag-simoes"],"_links":{"self":[{"href":"https:\/\/blogs.correiobraziliense.com.br\/vicente\/wp-json\/wp\/v2\/posts\/11732","targetHints":{"allow":["GET"]}}],"collection":[{"href":"https:\/\/blogs.correiobraziliense.com.br\/vicente\/wp-json\/wp\/v2\/posts"}],"about":[{"href":"https:\/\/blogs.correiobraziliense.com.br\/vicente\/wp-json\/wp\/v2\/types\/post"}],"author":[{"embeddable":true,"href":"https:\/\/blogs.correiobraziliense.com.br\/vicente\/wp-json\/wp\/v2\/users\/22"}],"replies":[{"embeddable":true,"href":"https:\/\/blogs.correiobraziliense.com.br\/vicente\/wp-json\/wp\/v2\/comments?post=11732"}],"version-history":[{"count":6,"href":"https:\/\/blogs.correiobraziliense.com.br\/vicente\/wp-json\/wp\/v2\/posts\/11732\/revisions"}],"predecessor-version":[{"id":11740,"href":"https:\/\/blogs.correiobraziliense.com.br\/vicente\/wp-json\/wp\/v2\/posts\/11732\/revisions\/11740"}],"wp:featuredmedia":[{"embeddable":true,"href":"https:\/\/blogs.correiobraziliense.com.br\/vicente\/wp-json\/wp\/v2\/media\/11738"}],"wp:attachment":[{"href":"https:\/\/blogs.correiobraziliense.com.br\/vicente\/wp-json\/wp\/v2\/media?parent=11732"}],"wp:term":[{"taxonomy":"category","embeddable":true,"href":"https:\/\/blogs.correiobraziliense.com.br\/vicente\/wp-json\/wp\/v2\/categories?post=11732"},{"taxonomy":"post_tag","embeddable":true,"href":"https:\/\/blogs.correiobraziliense.com.br\/vicente\/wp-json\/wp\/v2\/tags?post=11732"}],"curies":[{"name":"wp","href":"https:\/\/api.w.org\/{rel}","templated":true}]}}