{"id":11730,"date":"2019-09-04T17:35:38","date_gmt":"2019-09-04T20:35:38","guid":{"rendered":"https:\/\/blogs.correiobraziliense.com.br\/vicente\/?p=11730"},"modified":"2019-09-04T17:38:48","modified_gmt":"2019-09-04T20:38:48","slug":"bolsonaro-sanciona-hoje-com-mais-de-20-vetos-projeto-de-abuso-de-autoridade","status":"publish","type":"post","link":"https:\/\/blogs.correiobraziliense.com.br\/vicente\/bolsonaro-sanciona-hoje-com-mais-de-20-vetos-projeto-de-abuso-de-autoridade\/","title":{"rendered":"Bolsonaro sanciona hoje, com mais de 20 vetos, projeto de abuso de autoridade"},"content":{"rendered":"<p><span style=\"font-weight: 400\">RODOLFO COSTA<\/span><\/p>\n<p><span style=\"font-weight: 400\">INGRID SOARES<\/span><\/p>\n<p>&nbsp;<\/p>\n<p><span style=\"font-weight: 400\">A quantidade de vetos ao Projeto de Lei (PL) <\/span><span style=\"font-weight: 400\">7.596\/2017, que define 37 situa\u00e7\u00f5es que configuram crimes de<\/span><span style=\"font-weight: 400\"> abuso de autoridade, pode ultrapassar as duas dezenas. Na ter\u00e7a-feira (3\/9), o presidente Jair Bolsonaro disse que chegariam a \u201cquase 20\u201d. Contudo, o <\/span><b>Blog<\/b><span style=\"font-weight: 400\"> apurou, nesta quarta (4\/9), que o n\u00famero ultrapassa a marca de 20 e ser\u00e1 publicado ainda hoje, ap\u00f3s uma reuni\u00e3o entre o chefe do Executivo e os ministros da Justi\u00e7a, S\u00e9rgio Moro, e da Secretaria-Geral, Jorge Oliveira.\u00a0<\/span><\/p>\n<p>&nbsp;<\/p>\n<p><span style=\"font-weight: 400\">Havia, inclusive, a possibilidade de a lei ser sancionada, com os vetos, ainda na ter\u00e7a. No Pal\u00e1cio do Planalto, circula a informa\u00e7\u00e3o de que estava tudo certo para ser publicado em uma edi\u00e7\u00e3o extra do Di\u00e1rio Oficial da Uni\u00e3o, mas, restando cerca de cinco minutos antes de isso acontecer, o governo ordenou o adiamento, por determina\u00e7\u00e3o de Bolsonaro.\u00a0<\/span><\/p>\n<p>&nbsp;<\/p>\n<p><span style=\"font-weight: 400\">A ideia, ontem, era se reunir, hoje, com Oliveira e Moro para revisar o projeto antes de assinar a lei. A previs\u00e3o ainda \u00e9 de que isso aconte\u00e7a hoje. Bolsonaro cumpriu agenda em An\u00e1polis (GO), mas voltou a Bras\u00edlia, onde participou da solenidade de assinatura da Medida Provis\u00f3ria (MP) da pens\u00e3o vital\u00edcia das v\u00edtimas de microcefalia do zika v\u00edrus. Ap\u00f3s a cerim\u00f4nia, ele seguiu para o Minist\u00e9rio da Economia. \u00c9 no retorno ao Planalto que ele deve se reunir com os ministros.\u00a0<\/span><\/p>\n<p>&nbsp;<\/p>\n<p><span style=\"font-weight: 400\">Na manh\u00e3 desta quarta (4\/9), ele desconversou sobre o adiamento da san\u00e7\u00e3o do projeto, sustentando que, na ter\u00e7a, n\u00e3o havia cravado a assinatura. \u201cFalei que tinha grandes chances, acho que voc\u00ea (rep\u00f3rter) n\u00e3o entendeu o que eu disse. O que \u00e9 grande chance? Quando jogo na mega sena, sempre tenho grandes chances, (mas) n\u00e3o acerto nenhuma. O veto limite \u00e9 amanh\u00e3. J\u00e1 ontem foi discutido com o meu \u2018Centr\u00e3o\u2019 e est\u00e1 fechando quest\u00e3o a\u00ed\u201d, destacou.\u00a0<\/span><\/p>\n<p>&nbsp;<\/p>\n<p><b>Alinhamento<\/b><\/p>\n<p><span style=\"font-weight: 400\">O \u201cCentr\u00e3o\u201d do governo \u00e9 composto por Moro e pelos ministros da Economia, Paulo Guedes, e da Infraestrutura, Tarc\u00edsio de Freitas. Mas \u00e9 o \u201cCentr\u00e3o\u201d da Presid\u00eancia da Rep\u00fablica que est\u00e1 bem engajado para evitar &#8212; ou, pelo menos, atenuar &#8212; uma derrota no Congresso. L\u00edderes, vice-l\u00edderes partid\u00e1rios e demais parlamentares influentes criticam a quantidade de itens rejeitados.\u00a0<\/span><\/p>\n<p>&nbsp;<\/p>\n<p><span style=\"font-weight: 400\">\u00c9 a\u00ed que se destacam Oliveira, o ministro-chefe da Secretaria de Governo, Luiz Eduardo Ramos, e o ministro-chefe da Casa Civil, Onyx Lorenzoni. Os tr\u00eas est\u00e3o bem alinhados, negociando e justificando de antem\u00e3o os vetos de Bolsonaro aos parlamentares. \u201cN\u00e3o \u00e9 s\u00f3 combinar antes, \u00e9 convencer depois\u201d, sustentou ao <\/span><b>Blog<\/b><span style=\"font-weight: 400\"> um interlocutor palaciano.\u00a0<\/span><\/p>\n<p>&nbsp;<\/p>\n<p><span style=\"font-weight: 400\">Os ministros Onyx e Ramos atuam na articula\u00e7\u00e3o pol\u00edtica direta, dialogando os pormenores da tramita\u00e7\u00e3o e acordos para evitar as derrubadas dos vetos de Bolsonaro. Oliveira, por sua vez, trabalha no convencimento t\u00e9cnico, dando subs\u00eddios e embasamentos jur\u00eddicos para justificar a rejei\u00e7\u00e3o dos trechos pelo governo. \u201cOs tr\u00eas est\u00e3o bem afinados nesta mat\u00e9ria. Agora, falta s\u00f3 a assinatura\u201d, destacou uma fonte. <\/span><\/p>\n","protected":false},"excerpt":{"rendered":"<p>RODOLFO COSTA INGRID SOARES &nbsp; A quantidade de vetos ao Projeto de Lei (PL) 7.596\/2017, que define 37 situa\u00e7\u00f5es que configuram crimes de abuso de autoridade, pode ultrapassar as duas dezenas. Na ter\u00e7a-feira (3\/9), o presidente Jair Bolsonaro disse que chegariam a \u201cquase 20\u201d. Contudo, o Blog apurou, nesta quarta (4\/9), que o n\u00famero ultrapassa [&hellip;]<\/p>\n","protected":false},"author":22,"featured_media":10489,"comment_status":"open","ping_status":"closed","sticky":false,"template":"","format":"standard","meta":{"footnotes":""},"categories":[600],"tags":[2699,4100,2554,4062,3875,3989,4091],"class_list":["post-11730","post","type-post","status-publish","format-standard","has-post-thumbnail","hentry","category-economia","tag-abuso","tag-autoridade","tag-bolsonaro","tag-jorge-oliveira","tag-onyx-lorenzoni","tag-ramos","tag-vetos"],"_links":{"self":[{"href":"https:\/\/blogs.correiobraziliense.com.br\/vicente\/wp-json\/wp\/v2\/posts\/11730","targetHints":{"allow":["GET"]}}],"collection":[{"href":"https:\/\/blogs.correiobraziliense.com.br\/vicente\/wp-json\/wp\/v2\/posts"}],"about":[{"href":"https:\/\/blogs.correiobraziliense.com.br\/vicente\/wp-json\/wp\/v2\/types\/post"}],"author":[{"embeddable":true,"href":"https:\/\/blogs.correiobraziliense.com.br\/vicente\/wp-json\/wp\/v2\/users\/22"}],"replies":[{"embeddable":true,"href":"https:\/\/blogs.correiobraziliense.com.br\/vicente\/wp-json\/wp\/v2\/comments?post=11730"}],"version-history":[{"count":1,"href":"https:\/\/blogs.correiobraziliense.com.br\/vicente\/wp-json\/wp\/v2\/posts\/11730\/revisions"}],"predecessor-version":[{"id":11731,"href":"https:\/\/blogs.correiobraziliense.com.br\/vicente\/wp-json\/wp\/v2\/posts\/11730\/revisions\/11731"}],"wp:featuredmedia":[{"embeddable":true,"href":"https:\/\/blogs.correiobraziliense.com.br\/vicente\/wp-json\/wp\/v2\/media\/10489"}],"wp:attachment":[{"href":"https:\/\/blogs.correiobraziliense.com.br\/vicente\/wp-json\/wp\/v2\/media?parent=11730"}],"wp:term":[{"taxonomy":"category","embeddable":true,"href":"https:\/\/blogs.correiobraziliense.com.br\/vicente\/wp-json\/wp\/v2\/categories?post=11730"},{"taxonomy":"post_tag","embeddable":true,"href":"https:\/\/blogs.correiobraziliense.com.br\/vicente\/wp-json\/wp\/v2\/tags?post=11730"}],"curies":[{"name":"wp","href":"https:\/\/api.w.org\/{rel}","templated":true}]}}