{"id":11724,"date":"2019-09-04T16:53:33","date_gmt":"2019-09-04T19:53:33","guid":{"rendered":"https:\/\/blogs.correiobraziliense.com.br\/vicente\/?p=11724"},"modified":"2019-09-04T16:59:12","modified_gmt":"2019-09-04T19:59:12","slug":"alinhada-a-ministro-da-secretaria-geral-dodge-esta-bem-cotada-para-reconducao-a-pgr","status":"publish","type":"post","link":"https:\/\/blogs.correiobraziliense.com.br\/vicente\/alinhada-a-ministro-da-secretaria-geral-dodge-esta-bem-cotada-para-reconducao-a-pgr\/","title":{"rendered":"Alinhada a ministro da Secretaria-Geral, Dodge est\u00e1 bem cotada para recondu\u00e7\u00e3o \u00e0 PGR"},"content":{"rendered":"<p><span style=\"font-weight: 400\">RODOLFO COSTA<\/span><\/p>\n<p>INGRID SOARES<\/p>\n<p>&nbsp;<\/p>\n<p><span style=\"font-weight: 400\">No que depender do ministro-chefe da Secretaria-Geral, Jorge Oliveira, a procuradora-geral da Rep\u00fablica, Raquel Dodge, ser\u00e1 reconduzida ao cargo. Na Presid\u00eancia da Rep\u00fablica, o nome dela est\u00e1 bem cotado na \u201cbolsa de apostas\u201d. Justamente pela proximidade entre Oliveira e o presidente Jair Bolsonaro, que chegam a despachar juntos at\u00e9 quatro vezes ao dia. \u00c9 sabido por todos, contudo, que a palavra final ser\u00e1 do chefe do Executivo. Nos corredores do Pal\u00e1cio do Planalto, dizem que, \u201cem 30 segundos, tudo pode mudar.\u201d<\/span><\/p>\n<p>&nbsp;<\/p>\n<p><span style=\"font-weight: 400\">As hip\u00f3teses de que Dodge estaria fora do p\u00e1reo por nomear procuradores para atuar em procuradorias regionais \u00e9 minimizada no Planalto. Por essa raz\u00e3o, a possibilidade de ela ser reconduzida \u00e9 considerada alta. \u201cN\u00e3o h\u00e1 nada que ela tem feito que n\u00e3o est\u00e1 sendo alinhado com o Jorge\u201d, afirmou ao <\/span><b>Blog <\/b><span style=\"font-weight: 400\">um interlocutor. O relacionamento entre os dois vai de vento em popa.\u00a0<\/span><\/p>\n<p>&nbsp;<\/p>\n<p><span style=\"font-weight: 400\">Desde quando Bolsonaro come\u00e7ou a receber indicados para a sucess\u00e3o da Procuradoria-Geral da Rep\u00fablica (PGR), Jorge e Dodge se encontraram cerca de 12 vezes at\u00e9 a metade da \u00faltima semana. De quinta-feira (29\/8) a esta quarta-feira (4\/9), os dois se reuniram outras quatro vezes, fora da agenda oficial. \u201cConversaram sobre a recondu\u00e7\u00e3o e o projeto de abuso de autoridade na quinta, sexta, segunda e hoje\u201d, sustentou uma pessoa pr\u00f3xima.\u00a0<\/span><\/p>\n<p>&nbsp;<\/p>\n<p><span style=\"font-weight: 400\">O alinhamento entre Jorge e Dodge faz o governo acreditar que seja poss\u00edvel ter uma boa proximidade entre o Executivo e a PGR. O Planalto sabe que, uma vez reconduzida, n\u00e3o ter\u00e1 influ\u00eancia para dar pitacos e demais sugest\u00f5es a n\u00edvel interno. Mas a expectativa \u00e9 que o engajamento de agora tenha alguma crie alguma linha de conson\u00e2ncia entre os Poderes.\u00a0<\/span><\/p>\n<p>&nbsp;<\/p>\n<p><b>Op\u00e7\u00f5es<\/b><\/p>\n<p><span style=\"font-weight: 400\">O Bolsonaro se sente sem muitas op\u00e7\u00f5es. \u00c9 certo que o presidente n\u00e3o encontrou o perfil ideal que almejava. O que mais se aproxima, dizem interlocutores, \u00e9 o procurador regional Lauro Cardoso. O hist\u00f3rico militar pesa a favor, mas o fato de n\u00e3o ser um procurador-regional n\u00e3o \u00e9 bem avaliado no Supremo Tribunal Federal (STF) &#8212; ainda que seja algu\u00e9m respeitado no Minist\u00e9rio P\u00fablico Federal (MPF).\u00a0<\/span><\/p>\n<p>&nbsp;<\/p>\n<p><span style=\"font-weight: 400\">O subprocurador-geral Ant\u00f4nio Carlos Sim\u00f5es Soares tamb\u00e9m ainda \u00e9 bem cotado. Um que estava em alta na \u201cbolsa de apostas\u201d e perdeu f\u00f4lego junto ao Planalto \u00e9 o subprocurador-geral Augusto Aras. Por mais que Bolsonaro pregue, da boca para fora, a autonomia e independ\u00eancia entre os poderes, ele deseja ter o m\u00ednimo de influ\u00eancia junto ao PGR. Algo que, apoiado por Oliveira, ele encontrou na Dodge, mas n\u00e3o em Aras.<\/span><\/p>\n<p>&nbsp;<\/p>\n<p><span style=\"font-weight: 400\">A verdade \u00e9 que Bolsonaro n\u00e3o conseguiu encontrar o perfil ideal. Algu\u00e9m alinhado com os posicionamentos defendidos por ele e respaldados pelos auxiliares mais pr\u00f3ximos. Tanto \u00e9 que, na tarde desta quarta, a informa\u00e7\u00e3o que percorre no Planalto \u00e9 que Bolsonaro pode deixar para fazer a indica\u00e7\u00e3o na pr\u00f3xima semana, mesmo internado ap\u00f3s a realiza\u00e7\u00e3o da quarta cirurgia a qual ser\u00e1 submetido, em S\u00e3o Paulo. <\/span><\/p>\n","protected":false},"excerpt":{"rendered":"<p>RODOLFO COSTA INGRID SOARES &nbsp; No que depender do ministro-chefe da Secretaria-Geral, Jorge Oliveira, a procuradora-geral da Rep\u00fablica, Raquel Dodge, ser\u00e1 reconduzida ao cargo. Na Presid\u00eancia da Rep\u00fablica, o nome dela est\u00e1 bem cotado na \u201cbolsa de apostas\u201d. Justamente pela proximidade entre Oliveira e o presidente Jair Bolsonaro, que chegam a despachar juntos at\u00e9 quatro [&hellip;]<\/p>\n","protected":false},"author":22,"featured_media":11559,"comment_status":"open","ping_status":"closed","sticky":false,"template":"","format":"standard","meta":{"footnotes":""},"categories":[600],"tags":[2458,467,4062,191,2356,4061],"class_list":["post-11724","post","type-post","status-publish","format-standard","has-post-thumbnail","hentry","category-economia","tag-dodge","tag-governo","tag-jorge-oliveira","tag-pgr","tag-raquel-dodge","tag-secretaria-geral"],"_links":{"self":[{"href":"https:\/\/blogs.correiobraziliense.com.br\/vicente\/wp-json\/wp\/v2\/posts\/11724","targetHints":{"allow":["GET"]}}],"collection":[{"href":"https:\/\/blogs.correiobraziliense.com.br\/vicente\/wp-json\/wp\/v2\/posts"}],"about":[{"href":"https:\/\/blogs.correiobraziliense.com.br\/vicente\/wp-json\/wp\/v2\/types\/post"}],"author":[{"embeddable":true,"href":"https:\/\/blogs.correiobraziliense.com.br\/vicente\/wp-json\/wp\/v2\/users\/22"}],"replies":[{"embeddable":true,"href":"https:\/\/blogs.correiobraziliense.com.br\/vicente\/wp-json\/wp\/v2\/comments?post=11724"}],"version-history":[{"count":5,"href":"https:\/\/blogs.correiobraziliense.com.br\/vicente\/wp-json\/wp\/v2\/posts\/11724\/revisions"}],"predecessor-version":[{"id":11729,"href":"https:\/\/blogs.correiobraziliense.com.br\/vicente\/wp-json\/wp\/v2\/posts\/11724\/revisions\/11729"}],"wp:featuredmedia":[{"embeddable":true,"href":"https:\/\/blogs.correiobraziliense.com.br\/vicente\/wp-json\/wp\/v2\/media\/11559"}],"wp:attachment":[{"href":"https:\/\/blogs.correiobraziliense.com.br\/vicente\/wp-json\/wp\/v2\/media?parent=11724"}],"wp:term":[{"taxonomy":"category","embeddable":true,"href":"https:\/\/blogs.correiobraziliense.com.br\/vicente\/wp-json\/wp\/v2\/categories?post=11724"},{"taxonomy":"post_tag","embeddable":true,"href":"https:\/\/blogs.correiobraziliense.com.br\/vicente\/wp-json\/wp\/v2\/tags?post=11724"}],"curies":[{"name":"wp","href":"https:\/\/api.w.org\/{rel}","templated":true}]}}