{"id":11718,"date":"2019-09-03T18:32:12","date_gmt":"2019-09-03T21:32:12","guid":{"rendered":"https:\/\/blogs.correiobraziliense.com.br\/vicente\/?p=11718"},"modified":"2019-09-03T18:32:12","modified_gmt":"2019-09-03T21:32:12","slug":"marcelo-ramos-assume-na-ccj-relatoria-da-terceira-reforma-tributaria-do-congresso","status":"publish","type":"post","link":"https:\/\/blogs.correiobraziliense.com.br\/vicente\/marcelo-ramos-assume-na-ccj-relatoria-da-terceira-reforma-tributaria-do-congresso\/","title":{"rendered":"Marcelo Ramos assume na CCJ relatoria da terceira reforma tribut\u00e1ria do Congresso"},"content":{"rendered":"<p>RODOLFO COSTA<\/p>\n<p>O deputado Marcelo Ramos (PL-AM), relator da reforma da Previd\u00eancia na Comiss\u00e3o Especial da C\u00e2mara dos Deputados, foi designado para assumir, na Comiss\u00e3o de Constitui\u00e7\u00e3o e Justi\u00e7a (CCJ), a relatoria de outra importante Proposta de Emenda \u00e0 Constitui\u00e7\u00e3o (PEC): a 128\/2019, de autoria do deputado Luis Miranda (DEM-DF), que prop\u00f5e a moderniza\u00e7\u00e3o do sistema tribut\u00e1ria.<\/p>\n<p>&nbsp;<\/p>\n<p>A PEC 128 \u00e9 a terceira reforma tribut\u00e1ria a tramitar no Congresso. Ela &#8220;bebe&#8221; da fonte da PEC 45\/2019, que tramita em Comiss\u00e3o Especial na C\u00e2mara, sugerindo a cria\u00e7\u00e3o um Imposto sobre Bens e Servi\u00e7os (IBS), que unifica cinco tributos incidentes sobre consumo em um s\u00f3, sendo tr\u00eas federais e outros dois voltados aos entes federados, os estados (ICMS) e os munic\u00edpios (ISS).<\/p>\n<p>&nbsp;<\/p>\n<p>Assim como a reforma do Senado, o texto prev\u00ea compet\u00eancias distintas na gest\u00e3o dos tributos arrecadados, uma compet\u00eancia federal e outra estadual, ou seja, um &#8220;IBS dual&#8221;. Esse dispositivo se assemelha \u00e0 PEC 110\/2019, que tramita no Senado. Al\u00e9m dessas medidas, a PEC 128 tamb\u00e9m prop\u00f5e o Imposto sobre Movimenta\u00e7\u00f5es Financeiras (IMF), tributo an\u00e1logo \u00e0 extinta Contribui\u00e7\u00e3o Provis\u00f3ria sobre Movimenta\u00e7\u00f5es Financeiras (CPMF), proposta defendida pelo ministro da Economia, Paulo Guedes.<\/p>\n<p>&nbsp;<\/p>\n<p><strong>Zona Franca<\/strong><\/p>\n<p>Diferentemente das outras, a PEC 128 \u00e9 a \u00fanica mat\u00e9ria no Congresso que preserva a Zona Franca de Manaus, abarcando pontos defendidos pela reforma tribut\u00e1ria do Comit\u00ea dos Secret\u00e1rios de Fazenda dos Estados (Comsefaz). &#8220;\u00c9 uma mat\u00e9ria completa que agrega os melhores pontos das outras reformas tribut\u00e1rias em concep\u00e7\u00e3o&#8221;, sustentou Miranda, presidente da Frente Parlamentar Mista da Reforma Tribut\u00e1ria.<\/p>\n<p>&nbsp;<\/p>\n<p>O parlamentar foi \u00e0 CCJ nesta ter\u00e7a-feira (3\/9) articular com o presidente do colegiado, Felipe Francischini (PSL-PR), a delibera\u00e7\u00e3o da relatoria a Ramos. &#8220;Considero como fruto do meu esfor\u00e7o. Operei duas h\u00e9rnias umbilicais e uma di\u00e1stase, mas, mesmo com um p\u00f3s operat\u00f3rio complicado, compareci hoje na Casa&#8221;, celebrou.<\/p>\n","protected":false},"excerpt":{"rendered":"<p>RODOLFO COSTA O deputado Marcelo Ramos (PL-AM), relator da reforma da Previd\u00eancia na Comiss\u00e3o Especial da C\u00e2mara dos Deputados, foi designado para assumir, na Comiss\u00e3o de Constitui\u00e7\u00e3o e Justi\u00e7a (CCJ), a relatoria de outra importante Proposta de Emenda \u00e0 Constitui\u00e7\u00e3o (PEC): a 128\/2019, de autoria do deputado Luis Miranda (DEM-DF), que prop\u00f5e a moderniza\u00e7\u00e3o do [&hellip;]<\/p>\n","protected":false},"author":22,"featured_media":11719,"comment_status":"open","ping_status":"closed","sticky":false,"template":"","format":"standard","meta":{"footnotes":""},"categories":[600],"tags":[254,3877,3783,4116,429,614,1350],"class_list":["post-11718","post","type-post","status-publish","format-standard","has-post-thumbnail","hentry","category-economia","tag-congresso","tag-luis-miranda","tag-marcelo-ramos","tag-pec-128","tag-previdencia","tag-reforma","tag-reforma-tributaria"],"_links":{"self":[{"href":"https:\/\/blogs.correiobraziliense.com.br\/vicente\/wp-json\/wp\/v2\/posts\/11718","targetHints":{"allow":["GET"]}}],"collection":[{"href":"https:\/\/blogs.correiobraziliense.com.br\/vicente\/wp-json\/wp\/v2\/posts"}],"about":[{"href":"https:\/\/blogs.correiobraziliense.com.br\/vicente\/wp-json\/wp\/v2\/types\/post"}],"author":[{"embeddable":true,"href":"https:\/\/blogs.correiobraziliense.com.br\/vicente\/wp-json\/wp\/v2\/users\/22"}],"replies":[{"embeddable":true,"href":"https:\/\/blogs.correiobraziliense.com.br\/vicente\/wp-json\/wp\/v2\/comments?post=11718"}],"version-history":[{"count":1,"href":"https:\/\/blogs.correiobraziliense.com.br\/vicente\/wp-json\/wp\/v2\/posts\/11718\/revisions"}],"predecessor-version":[{"id":11720,"href":"https:\/\/blogs.correiobraziliense.com.br\/vicente\/wp-json\/wp\/v2\/posts\/11718\/revisions\/11720"}],"wp:featuredmedia":[{"embeddable":true,"href":"https:\/\/blogs.correiobraziliense.com.br\/vicente\/wp-json\/wp\/v2\/media\/11719"}],"wp:attachment":[{"href":"https:\/\/blogs.correiobraziliense.com.br\/vicente\/wp-json\/wp\/v2\/media?parent=11718"}],"wp:term":[{"taxonomy":"category","embeddable":true,"href":"https:\/\/blogs.correiobraziliense.com.br\/vicente\/wp-json\/wp\/v2\/categories?post=11718"},{"taxonomy":"post_tag","embeddable":true,"href":"https:\/\/blogs.correiobraziliense.com.br\/vicente\/wp-json\/wp\/v2\/tags?post=11718"}],"curies":[{"name":"wp","href":"https:\/\/api.w.org\/{rel}","templated":true}]}}