{"id":11712,"date":"2019-09-02T17:14:52","date_gmt":"2019-09-02T20:14:52","guid":{"rendered":"https:\/\/blogs.correiobraziliense.com.br\/vicente\/?p=11712"},"modified":"2019-09-03T13:32:07","modified_gmt":"2019-09-03T16:32:07","slug":"sob-sinal-de-alerta-governo-deve-tomar-cuidados-para-que-luz-amarela-nao-chegue-a-vermelha","status":"publish","type":"post","link":"https:\/\/blogs.correiobraziliense.com.br\/vicente\/sob-sinal-de-alerta-governo-deve-tomar-cuidados-para-que-luz-amarela-nao-chegue-a-vermelha\/","title":{"rendered":"Sob sinal de alerta, governo deve tomar cuidados para que luz amarela n\u00e3o chegue \u00e0 vermelha"},"content":{"rendered":"<p><span style=\"font-weight: 400\">RODOLFO COSTA<\/span><\/p>\n<p><span style=\"font-weight: 400\">A sociedade acendeu a luz amarela ao governo. Por mais que o presidente Jair Bolsonaro desdenhe da \u00faltima pesquisa Datafolha, que aponta para o aumento da reprova\u00e7\u00e3o do governo, de 33% para 38%, e a piora da aprova\u00e7\u00e3o, de 33% para 29%, os dados indicam um sinal de alerta contundente, por serem s\u00f3 oito meses de governo. O levantamento tem pontos positivos e negativos, mas o vi\u00e9s \u00e9 de queda, n\u00e3o de alta, advertem ao <\/span><b>Blog<\/b><span style=\"font-weight: 400\"> cientistas pol\u00edticos e parlamentares.\u00a0<\/span><\/p>\n<p>&nbsp;<\/p>\n<p><span style=\"font-weight: 400\">Mesmo diante de um aumento da rejei\u00e7\u00e3o de cinco pontos percentuais e de uma queda da popularidade de quatro pontos percentuais, o cientista pol\u00edtico e soci\u00f3logo Paulo Ba\u00eda, professor da Universidade Federal do Rio de Janeiro (UFRJ), v\u00ea pontos favor\u00e1veis \u00e0 gest\u00e3o de Jair Bolsonaro. \u201cEle perde parte da aprova\u00e7\u00e3o, mas dentro do limite da margem de erro. E tem ainda um discurso muito valorizado em pelo menos 1\/4 do eleitorado\u201d, ponderou.\u00a0<\/span><\/p>\n<p>&nbsp;<\/p>\n<p><span style=\"font-weight: 400\">A recente pesquisa Datafolha indica a gest\u00e3o com uma aprova\u00e7\u00e3o de 29%. Considerando a margem de erro, de dois pontos para mais ou menos, \u00e9 poss\u00edvel apontar que ele tem 31% de popularidade. Na \u00faltima pesquisa, realizada em julho, ele tinha 33%. Ou seja, o governo est\u00e1 no limite da margem de erro. Al\u00e9m disso, Ba\u00eda ressalta n\u00e3o ter notado nos n\u00fameros com perda de densidade no Sudeste, regi\u00e3o estrat\u00e9gica para qualquer gest\u00e3o e pol\u00edtico.<\/span><\/p>\n<p>&nbsp;<\/p>\n<p><span style=\"font-weight: 400\">No entanto, param a\u00ed os pontos favor\u00e1veis. Ba\u00eda observou na pesquisa recente uma perda de densidade consider\u00e1vel na regi\u00e3o Sul e do eleitorado de classe m\u00e9dia alta. \u201cA pesquisa n\u00e3o \u00e9 boa, nem ruim, mas tem um vi\u00e9s de queda, que pode chegar \u00e0 regi\u00e3o Sudeste e ultrapassar a linha da classe m\u00e9dia baixa em resultados futuros\u201d, alertou. Para o professor da UFRJ, o eleitor \u201craiz\u201d ainda n\u00e3o est\u00e1 afetado, mas o governo come\u00e7a a perder o apoio do apoiador mais moderado, de centro.\u00a0<\/span><\/p>\n<p>&nbsp;<\/p>\n<p><b>Revers\u00e3o<\/b><\/p>\n<p><span style=\"font-weight: 400\">A revers\u00e3o do quadro de popularidade, para Ba\u00eda, passa por algumas corre\u00e7\u00f5es. \u201cSe Bolsonaro quer manter uma faixa competitiva, alguns ajustes de discursos e de agenda precisar\u00e3o ser feitos. N\u00e3o sei se Bolsonaro perde, enquanto eleitor, aqueles votos absorvidos de candidatos mais centristas, como (Geraldo) Alckmin (candidato do PSDB), do (Jo\u00e3o) Amoedo (candidato do Novo), e do (Henrique) Meirelles (candidato do MDB). Mas, na satisfa\u00e7\u00e3o moment\u00e2nea, perde\u201d, destacou.\u00a0<\/span><\/p>\n<p>&nbsp;<\/p>\n<p><span style=\"font-weight: 400\">O cientista pol\u00edtico Lucas Fernandes,<\/span><span style=\"font-weight: 400\"> consultor de an\u00e1lise pol\u00edtica da BMJ Consultores, tamb\u00e9m faz uma leitura ponderada da pesquisa. Ressalta que Bolsonaro a aprova\u00e7\u00e3o de Bolsonaro se mant\u00e9m dentro da margem de erro, mas alerta para os riscos desse patamar cair ainda mais. \u201cO presidencialismo de coaliz\u00e3o exercido pelo (ex-presidente Michel) Temer o possibilitou a ter uma boa interlocu\u00e7\u00e3o com o Parlamento, apesar da rejei\u00e7\u00e3o. A atual gest\u00e3o, contudo, n\u00e3o exerce esse mesmo presidencialismo. A popularidade de Bolsonaro \u00e9 o ativo que ele tem para negociar com o Congresso. Se ele perde isso, o poder de barganha vai para o espa\u00e7o\u201d, advertiu. <\/span><\/p>\n<p>&nbsp;<\/p>\n<p><span style=\"font-weight: 400\">No entanto, diferentemente de Ba\u00eda, Fernandes observa alguma altera\u00e7\u00e3o no ritmo do eleitor. Para ele, o levantamento do Datafolha aponta que uma camada do eleitor ideol\u00f3gico, ainda que pequena, come\u00e7a a migrar para quem faz uma an\u00e1lise moderada do governo. \u201cA avalia\u00e7\u00e3o do governo como regular ficou est\u00e1vel, de 31%, em julho, para 30%. Isso sugere que, quem apoiava e achava o governo \u00f3timo ou bom, passou a ser regular. E alguns dos que se situavam entre os regulares passaram a reprovar, ou seja, interpretar a gest\u00e3o como ruim ou p\u00e9ssima\u201d, ponderou.<\/span><\/p>\n<p>&nbsp;<\/p>\n<p><span style=\"font-weight: 400\">Diante das dificuldades de observar Bolsonaro adotando uma narrativa mais ao centro, com mais equil\u00edbrio, abandonando o tom mais radical, Fernandes entende que apenas a economia pode mudar os atuais dados.\u00a0 \u201cSe ele se sentir muito pressionado, \u00e9 poss\u00edvel que modere o discurso. Mas acreditamos que isso seja pouco prov\u00e1vel. Assim, essa gest\u00e3o depender\u00e1 de bons resultados da economia, algo que n\u00e3o esper\u00e1vamos para o curto prazo. A viol\u00eancia ainda \u00e9 um problema central, mas quest\u00f5es econ\u00f4micas se valorizaram mais nessa pesquisa\u201d, sustentou.\u00a0<\/span><\/p>\n<p>&nbsp;<\/p>\n<p><b>Luz vermelha<\/b><\/p>\n<p><span style=\"font-weight: 400\">O deputado federal Jos\u00e9 Nelto (Podemos-GO), l\u00edder do partido na C\u00e2mara, interpreta como bem fundamentada a pesquisa e alerta para os riscos pol\u00edticos que ela sugere. \u201cA partir do momento que o governo n\u00e3o tem base, perde capital pol\u00edtico rapidamente, briga com v\u00e1rios setores da sociedade e compra brigas com o mundo civilizado, dispensando ajuda, a sociedade acende a luz amarela. Para a luz amarela chegar \u00e0 vermelha \u00e9 um piscar de olhos\u201d, avisou.\u00a0<\/span><\/p>\n<p>&nbsp;<\/p>\n<p><span style=\"font-weight: 400\">Os riscos pol\u00edticos se referem \u00e0s dificuldades em aprova\u00e7\u00e3o de reformas. Nelto alerta que o aumento da impopularidade pode complicar e exigir um custo pol\u00edtico maior para obter vit\u00f3rias em temas que n\u00e3o sejam de interesse m\u00fatuo do pa\u00eds, como a agenda econ\u00f4mica. \u201cEssa quest\u00e3o do filho (Eduardo) para a embaixada brasileira nos Estados Unidos vai ter um pre\u00e7o alto. A sociedade rejeita o nepotismo, e o Senado vai ouvir isso\u201d, justificou.\u00a0<\/span><\/p>\n<p>&nbsp;<\/p>\n<p><span style=\"font-weight: 400\">Nesta ter\u00e7a-feira (3\/9), a bancada do Podemos se reunir\u00e1 com o ministro-chefe da Secretaria de Governo, Luiz Eduardo Ramos, para discutir a rela\u00e7\u00e3o com o governo. A composi\u00e7\u00e3o do partido com o Planalto, ou seja, a discuss\u00e3o da forma\u00e7\u00e3o de base, deve ser dialogada, admite Nelto. Mas depender\u00e1 do Executivo. \u201cTudo depende do governo. Tem que sinalizar. N\u00f3s sinalizamos um di\u00e1logo republicano e o governo est\u00e1 achando que o Centr\u00e3o \u00e9 que vai salvar ele\u201d, criticou.\u00a0<\/span><\/p>\n<p>&nbsp;<\/p>\n<p><span style=\"font-weight: 400\">O parlamentar reconhece que h\u00e1 um descontentamento grande de partidos da chamada Alian\u00e7a para o Bem do Brasil, bloco aprovado na C\u00e2mara composto por Podemos, Cidadania, PV, Patriota e Novo, com o governo. \u201cSinalizamos apoio para dialogar vota\u00e7\u00f5es nominais nas sess\u00f5es plen\u00e1rias (de mat\u00e9rias pol\u00eamicas), e estamos aguardando\u201d, contextualizou. Mesmo parlamentares do chamado Centr\u00e3o e outros partidos maiores na C\u00e2mara tamb\u00e9m criticam o governo. \u201cO Planalto dialoga com os l\u00edderes, mas, dentro da pir\u00e2mide do partido, tem gente que n\u00e3o est\u00e1 ganhando nada\u201d, alertou uma lideran\u00e7a do bloc\u00e3o. <\/span><\/p>\n","protected":false},"excerpt":{"rendered":"<p>RODOLFO COSTA A sociedade acendeu a luz amarela ao governo. Por mais que o presidente Jair Bolsonaro desdenhe da \u00faltima pesquisa Datafolha, que aponta para o aumento da reprova\u00e7\u00e3o do governo, de 33% para 38%, e a piora da aprova\u00e7\u00e3o, de 33% para 29%, os dados indicam um sinal de alerta contundente, por serem s\u00f3 [&hellip;]<\/p>\n","protected":false},"author":22,"featured_media":11021,"comment_status":"open","ping_status":"closed","sticky":false,"template":"","format":"standard","meta":{"footnotes":""},"categories":[600],"tags":[699,4110,2554,254,3441,467,3862,4109,4108,4111,4112],"class_list":["post-11712","post","type-post","status-publish","format-standard","has-post-thumbnail","hentry","category-economia","tag-aprovacao","tag-bmj","tag-bolsonaro","tag-congresso","tag-datafolha","tag-governo","tag-jose-nelto","tag-lucas-fernandes","tag-paulo-baia","tag-popularidade","tag-reprovacao"],"_links":{"self":[{"href":"https:\/\/blogs.correiobraziliense.com.br\/vicente\/wp-json\/wp\/v2\/posts\/11712","targetHints":{"allow":["GET"]}}],"collection":[{"href":"https:\/\/blogs.correiobraziliense.com.br\/vicente\/wp-json\/wp\/v2\/posts"}],"about":[{"href":"https:\/\/blogs.correiobraziliense.com.br\/vicente\/wp-json\/wp\/v2\/types\/post"}],"author":[{"embeddable":true,"href":"https:\/\/blogs.correiobraziliense.com.br\/vicente\/wp-json\/wp\/v2\/users\/22"}],"replies":[{"embeddable":true,"href":"https:\/\/blogs.correiobraziliense.com.br\/vicente\/wp-json\/wp\/v2\/comments?post=11712"}],"version-history":[{"count":2,"href":"https:\/\/blogs.correiobraziliense.com.br\/vicente\/wp-json\/wp\/v2\/posts\/11712\/revisions"}],"predecessor-version":[{"id":11715,"href":"https:\/\/blogs.correiobraziliense.com.br\/vicente\/wp-json\/wp\/v2\/posts\/11712\/revisions\/11715"}],"wp:featuredmedia":[{"embeddable":true,"href":"https:\/\/blogs.correiobraziliense.com.br\/vicente\/wp-json\/wp\/v2\/media\/11021"}],"wp:attachment":[{"href":"https:\/\/blogs.correiobraziliense.com.br\/vicente\/wp-json\/wp\/v2\/media?parent=11712"}],"wp:term":[{"taxonomy":"category","embeddable":true,"href":"https:\/\/blogs.correiobraziliense.com.br\/vicente\/wp-json\/wp\/v2\/categories?post=11712"},{"taxonomy":"post_tag","embeddable":true,"href":"https:\/\/blogs.correiobraziliense.com.br\/vicente\/wp-json\/wp\/v2\/tags?post=11712"}],"curies":[{"name":"wp","href":"https:\/\/api.w.org\/{rel}","templated":true}]}}