{"id":11698,"date":"2019-08-29T18:14:23","date_gmt":"2019-08-29T21:14:23","guid":{"rendered":"https:\/\/blogs.correiobraziliense.com.br\/vicente\/?p=11698"},"modified":"2019-08-29T18:20:32","modified_gmt":"2019-08-29T21:20:32","slug":"conversa-cara-a-cara-a-portas-fechadas-entre-moro-e-bolsonaro-melhora-a-relacao-entre-os-dois","status":"publish","type":"post","link":"https:\/\/blogs.correiobraziliense.com.br\/vicente\/conversa-cara-a-cara-a-portas-fechadas-entre-moro-e-bolsonaro-melhora-a-relacao-entre-os-dois\/","title":{"rendered":"Conversa cara a cara a portas fechadas entre Moro e Bolsonaro melhora a rela\u00e7\u00e3o entre os dois"},"content":{"rendered":"<p>RODOLFO COSTA<\/p>\n<p>Na pol\u00edtica, gestos podem dizer mais do que palavras. <strong><a href=\"https:\/\/www.correiobraziliense.com.br\/app\/noticia\/politica\/2019\/08\/29\/interna_politica,779775\/ao-lancar-projeto-de-combate-a-crimes-violentos-bolsonaro-afaga-minis.shtml\">Os afagos trocados<\/a><\/strong> entre o presidente Jair Bolsonaro e o ministro da Justi\u00e7a, S\u00e9rgio Moro, antes, durante e depois de cerim\u00f4nia de lan\u00e7amento de um projeto de combate \u00e0 criminalidade, no Pal\u00e1cio do Planalto, diz muito sobre a atual rela\u00e7\u00e3o entre os dois. Pessoas pr\u00f3ximas afirmam que os dois se encontraram a portas fechadas na \u00faltima sexta-feira (23\/8) para colocar os desconfortos a panos limpos. Depois do &#8220;t\u00eate-\u00e0-t\u00eate&#8221;, a rela\u00e7\u00e3o melhorou da \u00e1gua para o vinho.<\/p>\n<p>&nbsp;<\/p>\n<p>A amigos e aliados, Moro negou qualquer possibilidade de abandonar o cargo. Disse que n\u00e3o abandonou 22 anos de magistratura para viver uma aventura no governo federal. T\u00e3o pouco se disse incomodado em rela\u00e7\u00e3o ao tom usado por Bolsonaro nas declara\u00e7\u00f5es ditas na quinta-feira da semana passada (22\/8), um dia antes da conversa. Naquele dia, o presidente falou \u00e0 imprensa que o diretor-geral da Pol\u00edcia Federal, Maur\u00edcio Valeixo, \u00e9 subordinado a ele, n\u00e3o a Moro. &#8220;Eu que indico. Est\u00e1 na lei&#8221;, declarou o capit\u00e3o reformado.<\/p>\n<p>&nbsp;<\/p>\n<p>O que, de fato, incomodou Moro, foi o sentimento de falta de confian\u00e7a. O ministro conhece o jeito de Bolsonaro se expressar, mas questionou-se sobre a confiabilidade no presidente nele. &#8220;O ministro teve a impress\u00e3o que o presidente n\u00e3o confia nele. Esse \u00e9 o ponto. Pediu para conversar com o Jair para ter certeza se h\u00e1 essa confian\u00e7a, que, para o Moro, \u00e9 primordial. Os dois sentaram e conversaram e viram que era tudo burburinho. Os dois se entenderam e a conclus\u00e3o feita por eles \u00e9 de que tem gente tentando fritar um para o outro&#8221;, afirmou ao <strong>Blog<\/strong> uma aliada de ambos. &#8220;Por isso, na cerim\u00f4nia de hoje, o ministro fez quest\u00e3o de atribuir coisas que fez ao presidente, e vice-versa&#8221;, acrescentou.<\/p>\n","protected":false},"excerpt":{"rendered":"<p>RODOLFO COSTA Na pol\u00edtica, gestos podem dizer mais do que palavras. Os afagos trocados entre o presidente Jair Bolsonaro e o ministro da Justi\u00e7a, S\u00e9rgio Moro, antes, durante e depois de cerim\u00f4nia de lan\u00e7amento de um projeto de combate \u00e0 criminalidade, no Pal\u00e1cio do Planalto, diz muito sobre a atual rela\u00e7\u00e3o entre os dois. Pessoas [&hellip;]<\/p>\n","protected":false},"author":22,"featured_media":11699,"comment_status":"open","ping_status":"closed","sticky":false,"template":"","format":"standard","meta":{"footnotes":""},"categories":[600],"tags":[2554,2392,271,126,4105],"class_list":["post-11698","post","type-post","status-publish","format-standard","has-post-thumbnail","hentry","category-economia","tag-bolsonaro","tag-moro","tag-pf","tag-policia-federal","tag-valeixo"],"_links":{"self":[{"href":"https:\/\/blogs.correiobraziliense.com.br\/vicente\/wp-json\/wp\/v2\/posts\/11698","targetHints":{"allow":["GET"]}}],"collection":[{"href":"https:\/\/blogs.correiobraziliense.com.br\/vicente\/wp-json\/wp\/v2\/posts"}],"about":[{"href":"https:\/\/blogs.correiobraziliense.com.br\/vicente\/wp-json\/wp\/v2\/types\/post"}],"author":[{"embeddable":true,"href":"https:\/\/blogs.correiobraziliense.com.br\/vicente\/wp-json\/wp\/v2\/users\/22"}],"replies":[{"embeddable":true,"href":"https:\/\/blogs.correiobraziliense.com.br\/vicente\/wp-json\/wp\/v2\/comments?post=11698"}],"version-history":[{"count":2,"href":"https:\/\/blogs.correiobraziliense.com.br\/vicente\/wp-json\/wp\/v2\/posts\/11698\/revisions"}],"predecessor-version":[{"id":11701,"href":"https:\/\/blogs.correiobraziliense.com.br\/vicente\/wp-json\/wp\/v2\/posts\/11698\/revisions\/11701"}],"wp:featuredmedia":[{"embeddable":true,"href":"https:\/\/blogs.correiobraziliense.com.br\/vicente\/wp-json\/wp\/v2\/media\/11699"}],"wp:attachment":[{"href":"https:\/\/blogs.correiobraziliense.com.br\/vicente\/wp-json\/wp\/v2\/media?parent=11698"}],"wp:term":[{"taxonomy":"category","embeddable":true,"href":"https:\/\/blogs.correiobraziliense.com.br\/vicente\/wp-json\/wp\/v2\/categories?post=11698"},{"taxonomy":"post_tag","embeddable":true,"href":"https:\/\/blogs.correiobraziliense.com.br\/vicente\/wp-json\/wp\/v2\/tags?post=11698"}],"curies":[{"name":"wp","href":"https:\/\/api.w.org\/{rel}","templated":true}]}}