{"id":11675,"date":"2019-08-29T11:41:03","date_gmt":"2019-08-29T14:41:03","guid":{"rendered":"https:\/\/blogs.correiobraziliense.com.br\/vicente\/?p=11675"},"modified":"2019-08-29T11:52:45","modified_gmt":"2019-08-29T14:52:45","slug":"resultado-do-pib-ficou-dentro-do-esperado-pelo-governo-diz-secretario","status":"publish","type":"post","link":"https:\/\/blogs.correiobraziliense.com.br\/vicente\/resultado-do-pib-ficou-dentro-do-esperado-pelo-governo-diz-secretario\/","title":{"rendered":"Resultado do PIB ficou dentro do esperado pelo governo, diz secret\u00e1rio"},"content":{"rendered":"<h2><span style=\"font-weight: 400\">ROSANA HESSEL<\/span><\/h2>\n<p><span style=\"font-weight: 400\">A alta de 0,4% no resultado do Produto Interno Bruto (PIB) do segundo trimestre de 2019 surpreendeu mercado, porque aconteceu sobre uma base baixa, <a href=\"https:\/\/www.correiobraziliense.com.br\/app\/noticia\/economia\/2019\/08\/29\/internas_economia,779744\/pib-cresce-0-4-no-segundo-trimestre-de-2019-em-relacao-ao-primeiro.shtml\">de retra\u00e7\u00e3o de 0,2%, nos primeiros tr\u00eas meses do ano<\/a>. Mas, para o secret\u00e1rio de Pol\u00edtica Econ\u00f4mica (SPE) do Minist\u00e9rio da Economia, Adolfo Sachsida, o dado divulgado pelo Instituto Brasileiro de Geografia e Estat\u00edstica (IBGE) nesta quinta-feira (29\/08) veio dentro das expectativas da equipe econ\u00f4mica.\u00a0\u00a0<\/span><\/p>\n<p><span style=\"font-weight: 400\">\u201cO dado do PIB foi muito positivo e estava dentro do esperado pelo governo, Est\u00e1vamos prevendo exatamente 0,4% na compara\u00e7\u00e3o trimestral\u201d, afirmou Sachsida ao <strong>Blog<\/strong>.\u00a0 A mediana dos analistas estava em 0,2% de alta e, os mais pessimistas, acreditavam que o pa\u00eds tinha o risco de entrar em recess\u00e3o t\u00e9cnica (quando h\u00e1 dois trimestres consecutivos de queda).\u00a0 <\/span><\/p>\n<p><span style=\"font-weight: 400\">O economista reconheceu, entretanto, que existe um efeito estat\u00edstico sobre as bases baixas, tanto na margem (trimestre contra trimestre anterior) e quanto em rela\u00e7\u00e3o ao mesmo per\u00edodo de 2019, que apresentou alta de 1%.\u00a0<\/span><span style=\"font-weight: 400\">\u201cO efeito estat\u00edstico e tem a ver com a greve dos caminhoneiros na compara\u00e7\u00e3o anual \u00e9 a greve anual. E mesmo assim estavam estimado 0,2%.\u00a0 \u201cFoi uma surpresa positiva. A base era pequena e nao muda o fato que o cen\u00e1rio est\u00e1 mais favor\u00e1vel. Isso s\u00f3 confirma o fato de que e estrat\u00e9gia adotada pelo governo de buscar o crescimento com responsabilidade fiscal est\u00e1 sendo correta\u201d, afirmou o chefe da SPE.\u00a0 Ele\u00a0<\/span><span style=\"font-weight: 400\">lembrou o consumo do governo encolheu 1%, entre abril e junho deste ano em compara\u00e7\u00e3o com o trimestre imediatamente anterior.<\/span><\/p>\n<p><span style=\"font-weight: 400\">Pelas contas do secret\u00e1rio, esse resultado do semestre garante uma alta de 0,6% no PIB de 2019 se n\u00e3o houver crescimento da economia na segunda metade do ano. \u201cO carry over (efeito carregamento estat\u00edstico) ficou positivo em 0,6% para este ano\u201d, explicou.\u00a0\u00a0<\/span><span style=\"font-weight: 400\">Contudo, reconheceu que o cen\u00e1rio econ\u00f4mico \u201ccontinua desafiador\u201d.\u00a0<\/span><\/p>\n<p><span style=\"font-weight: 400\">\u201cO ajuste fiscal em curso, a baixa produtividade da economia brasileira e a incerteza da conjuntura internacional sugerem ainda um longo caminho a percorrer. Mas n\u00e3o deixa de ser importante frisar que, a despeito dos desafios, a conjuntura brasileira hoje mostra-se mais favor\u00e1vel do que era h\u00e1 alguns meses atr\u00e1s\u201d, destacou Sachsida. A atual previs\u00e3o do governo para o PIB de 2019 \u00e9 de alta de 0,8%, abaixo da taxa de 1,1% registrada no ano passado.<\/span><\/p>\n<p>&nbsp;<\/p>\n","protected":false},"excerpt":{"rendered":"<p>ROSANA HESSEL A alta de 0,4% no resultado do Produto Interno Bruto (PIB) do segundo trimestre de 2019 surpreendeu mercado, porque aconteceu sobre uma base baixa, de retra\u00e7\u00e3o de 0,2%, nos primeiros tr\u00eas meses do ano. Mas, para o secret\u00e1rio de Pol\u00edtica Econ\u00f4mica (SPE) do Minist\u00e9rio da Economia, Adolfo Sachsida, o dado divulgado pelo Instituto [&hellip;]<\/p>\n","protected":false},"author":22,"featured_media":11679,"comment_status":"open","ping_status":"closed","sticky":false,"template":"","format":"standard","meta":{"footnotes":""},"categories":[600],"tags":[2858,589,58],"class_list":["post-11675","post","type-post","status-publish","format-standard","has-post-thumbnail","hentry","category-economia","tag-adolfo-sachsida","tag-economia","tag-pib"],"_links":{"self":[{"href":"https:\/\/blogs.correiobraziliense.com.br\/vicente\/wp-json\/wp\/v2\/posts\/11675","targetHints":{"allow":["GET"]}}],"collection":[{"href":"https:\/\/blogs.correiobraziliense.com.br\/vicente\/wp-json\/wp\/v2\/posts"}],"about":[{"href":"https:\/\/blogs.correiobraziliense.com.br\/vicente\/wp-json\/wp\/v2\/types\/post"}],"author":[{"embeddable":true,"href":"https:\/\/blogs.correiobraziliense.com.br\/vicente\/wp-json\/wp\/v2\/users\/22"}],"replies":[{"embeddable":true,"href":"https:\/\/blogs.correiobraziliense.com.br\/vicente\/wp-json\/wp\/v2\/comments?post=11675"}],"version-history":[{"count":4,"href":"https:\/\/blogs.correiobraziliense.com.br\/vicente\/wp-json\/wp\/v2\/posts\/11675\/revisions"}],"predecessor-version":[{"id":11680,"href":"https:\/\/blogs.correiobraziliense.com.br\/vicente\/wp-json\/wp\/v2\/posts\/11675\/revisions\/11680"}],"wp:featuredmedia":[{"embeddable":true,"href":"https:\/\/blogs.correiobraziliense.com.br\/vicente\/wp-json\/wp\/v2\/media\/11679"}],"wp:attachment":[{"href":"https:\/\/blogs.correiobraziliense.com.br\/vicente\/wp-json\/wp\/v2\/media?parent=11675"}],"wp:term":[{"taxonomy":"category","embeddable":true,"href":"https:\/\/blogs.correiobraziliense.com.br\/vicente\/wp-json\/wp\/v2\/categories?post=11675"},{"taxonomy":"post_tag","embeddable":true,"href":"https:\/\/blogs.correiobraziliense.com.br\/vicente\/wp-json\/wp\/v2\/tags?post=11675"}],"curies":[{"name":"wp","href":"https:\/\/api.w.org\/{rel}","templated":true}]}}