{"id":11656,"date":"2019-08-24T17:30:49","date_gmt":"2019-08-24T20:30:49","guid":{"rendered":"https:\/\/blogs.correiobraziliense.com.br\/vicente\/?p=11656"},"modified":"2019-08-24T17:40:21","modified_gmt":"2019-08-24T20:40:21","slug":"caf-faz-doacao-para-brasil-bolivia-e-paraguai-combaterem-queimadas","status":"publish","type":"post","link":"https:\/\/blogs.correiobraziliense.com.br\/vicente\/caf-faz-doacao-para-brasil-bolivia-e-paraguai-combaterem-queimadas\/","title":{"rendered":"CAF faz doa\u00e7\u00e3o para Brasil, Bol\u00edvia e Paraguai combaterem queimadas"},"content":{"rendered":"<h2>ROSANA HESSEL<\/h2>\n<h2><\/h2>\n<h2>O CAF, banco de desenvolvimento da Am\u00e9rica Latina (antiga Corpora\u00e7\u00e3o Andina de Fomento), far\u00e1 uma doa\u00e7\u00e3o de US$ 500 mil para Brasil, Bol\u00edvia e Paraguai no combate \u00e0s queimadas. O objetivo\u00a0\u00e9 que os recursos ajudem no atendimento das emerg\u00eancias ocasionadas pelos inc\u00eandios de florestas, de planta\u00e7\u00f5es e de pastagens nesses pa\u00edses, afetando a biodiversidade e a popula\u00e7\u00e3o desses territ\u00f3rios.<\/h2>\n<h2><\/h2>\n<p>O valor destinado a cada pa\u00eds ainda ser\u00e1 definido.\u00a0A institui\u00e7\u00e3o tamb\u00e9m est\u00e1 colocando \u00e0 disposi\u00e7\u00e3o dessas economias uma linha de cr\u00e9dito emergencial aos tr\u00eas governos federais, com acesso facilitado e mais r\u00e1pido. O presidente-executivo do CAF, Luis Carranza Ugarte, encaminhou neste s\u00e1bado (24\/08) uma correspond\u00eancia dirigida aos presidentes de Brasil, Bol\u00edvia e Paraguai manifestando\u00a0solidariedade da institui\u00e7\u00e3o com os danos e reafirmou seu compromisso com a prote\u00e7\u00e3o da biodiversidade da Amaz\u00f4nia e do Pantanal diante dos inc\u00eandios que queimaram milhares de hectares de florestas, cultivos e pastagens.<\/p>\n<p>&nbsp;<\/p>\n<p>No documento, Ugarte informou a doa\u00e7\u00e3o imediata aos pa\u00edses, destinada a ajuda humanit\u00e1ria e as atividades em curso para combater as chamas.\u00a0&#8220;Expresso nossa solidariedade com os povos do Brasil, Bol\u00edvia e Paraguai diante das v\u00edtimas e s\u00e9rios danos \u00e0 biodiversidade de animais, florestas, planta\u00e7\u00f5es e pastagens afetadas pelos inc\u00eandios que atingiram a Amaz\u00f4nia e Pantanal. Diante dessa situa\u00e7\u00e3o, o CAF oferece seu apoio para que essa \u00e1rea t\u00e3o importante do planeta se recupere o quanto antes&#8221;, afirmou.<\/p>\n<p>&nbsp;<\/p>\n<p>Fundado em 1970, o CAF \u00e9 composto atualmente por 19 pa\u00edses, sendo 17 da Am\u00e9rica Latina e Caribe al\u00e9m de Espanha e de Portugal, e de 13 bancos privados. A entidade \u00e9 uma das principais fontes de financiamento multilateral latino-americana.<\/p>\n<p>&nbsp;<\/p>\n","protected":false},"excerpt":{"rendered":"<p>ROSANA HESSEL O CAF, banco de desenvolvimento da Am\u00e9rica Latina (antiga Corpora\u00e7\u00e3o Andina de Fomento), far\u00e1 uma doa\u00e7\u00e3o de US$ 500 mil para Brasil, Bol\u00edvia e Paraguai no combate \u00e0s queimadas. O objetivo\u00a0\u00e9 que os recursos ajudem no atendimento das emerg\u00eancias ocasionadas pelos inc\u00eandios de florestas, de planta\u00e7\u00f5es e de pastagens nesses pa\u00edses, afetando a [&hellip;]<\/p>\n","protected":false},"author":22,"featured_media":0,"comment_status":"open","ping_status":"closed","sticky":false,"template":"","format":"standard","meta":{"footnotes":""},"categories":[600],"tags":[2636,4095,378,4092,1256,4093,4097,4094,4096],"class_list":["post-11656","post","type-post","status-publish","format-standard","hentry","category-economia","tag-amazonia","tag-bolivia","tag-brasil","tag-caf","tag-doacao","tag-incendio","tag-pantanal","tag-paraguai","tag-queimadas"],"_links":{"self":[{"href":"https:\/\/blogs.correiobraziliense.com.br\/vicente\/wp-json\/wp\/v2\/posts\/11656","targetHints":{"allow":["GET"]}}],"collection":[{"href":"https:\/\/blogs.correiobraziliense.com.br\/vicente\/wp-json\/wp\/v2\/posts"}],"about":[{"href":"https:\/\/blogs.correiobraziliense.com.br\/vicente\/wp-json\/wp\/v2\/types\/post"}],"author":[{"embeddable":true,"href":"https:\/\/blogs.correiobraziliense.com.br\/vicente\/wp-json\/wp\/v2\/users\/22"}],"replies":[{"embeddable":true,"href":"https:\/\/blogs.correiobraziliense.com.br\/vicente\/wp-json\/wp\/v2\/comments?post=11656"}],"version-history":[{"count":4,"href":"https:\/\/blogs.correiobraziliense.com.br\/vicente\/wp-json\/wp\/v2\/posts\/11656\/revisions"}],"predecessor-version":[{"id":11660,"href":"https:\/\/blogs.correiobraziliense.com.br\/vicente\/wp-json\/wp\/v2\/posts\/11656\/revisions\/11660"}],"wp:attachment":[{"href":"https:\/\/blogs.correiobraziliense.com.br\/vicente\/wp-json\/wp\/v2\/media?parent=11656"}],"wp:term":[{"taxonomy":"category","embeddable":true,"href":"https:\/\/blogs.correiobraziliense.com.br\/vicente\/wp-json\/wp\/v2\/categories?post=11656"},{"taxonomy":"post_tag","embeddable":true,"href":"https:\/\/blogs.correiobraziliense.com.br\/vicente\/wp-json\/wp\/v2\/tags?post=11656"}],"curies":[{"name":"wp","href":"https:\/\/api.w.org\/{rel}","templated":true}]}}