{"id":11651,"date":"2019-08-23T13:51:29","date_gmt":"2019-08-23T16:51:29","guid":{"rendered":"https:\/\/blogs.correiobraziliense.com.br\/vicente\/?p=11651"},"modified":"2019-08-23T13:51:29","modified_gmt":"2019-08-23T16:51:29","slug":"ibovespa-volta-a-ficar-abaixo-de-100-mil-pontos-e-dolar-ultrapassa-r-410","status":"publish","type":"post","link":"https:\/\/blogs.correiobraziliense.com.br\/vicente\/ibovespa-volta-a-ficar-abaixo-de-100-mil-pontos-e-dolar-ultrapassa-r-410\/","title":{"rendered":"Ibovespa volta a ficar abaixo de 100 mil pontos e d\u00f3lar ultrapassa R$ 4,10"},"content":{"rendered":"<p>RAFAELA GON\u00c7ALVES<\/p>\n<p>&nbsp;<\/p>\n<p>Em meio \u00e0 mais um cap\u00edtulo da guerra comercial entre China e Estados Unidos, crise ambiental com o Brasil no olho do furac\u00e3o e \u00e0 mais uma fase da Lava Jato Banco BTG Pactual,\u00a0 O \u00edndice Bovespa (IBovespa), principal indicador da Bolsa de Valores de S\u00e3o Paulo (B3), voltou a ficar abaixo dos 100 mil pontos nesta sexta-feira (23\/08). Registrava queda de 2,55% pouco depois das 13h, a 97.464 pontos, ap\u00f3s Pequim anunciar barreiras tarif\u00e1rias aos EUA e o presidente norte-americano, Donald Trump anunciar que pretende dar o troco. O d\u00f3lar disparou acima de R$ 4,10.<\/p>\n<p>&nbsp;<\/p>\n<p>Um dos fatores que ajudaram nesse resultado foi o derretimento das a\u00e7\u00f5es do banco banco BTG Pactual, que chegaram a cair 15% por volta das 11h e vem oscilando com desvaloriza\u00e7\u00e3o de 11% e est\u00e1 entre as mais negociadas do dia.<\/p>\n<p>&nbsp;<\/p>\n<p>A Pol\u00edcia Federal est\u00e1 cumprindo mandados de busca e apreens\u00e3o em endere\u00e7os ligados ao BTG e de seu fundador, o banqueiro Andr\u00e9 Esteves. A ex-presidente da Petrobras, Maria das Gra\u00e7as Foster, tamb\u00e9m \u00e9 alvo da investida, como informou o Minist\u00e9rio P\u00fablico Federal (MPF). A investiga\u00e7\u00e3o \u00e9 baseada em depoimentos do ex-ministro Antonio Palocci em sua dela\u00e7\u00e3o premiada. \u201cUma das linhas investigativas diz respeito a poss\u00edveis il\u00edcitos envolvendo a venda pela Petrobras ao BTG de ativos na \u00c1frica\u201d, disse o Minist\u00e9rio P\u00fablico Federal.<\/p>\n<p>&nbsp;<\/p>\n<p>Em nota, o BTG Pactual disse que est\u00e1 \u201cest\u00e1 \u00e0 disposi\u00e7\u00e3o das autoridades para que tudo seja esclarecido o mais r\u00e1pido poss\u00edvel\u201d e afirmou estar operando normalmente hoje. As a\u00e7\u00f5es do banco entraram em leil\u00e3o na abertura de neg\u00f3cios nesta manh\u00e3 da B3, um mecanismo para evitar que os pre\u00e7os oscilem demais quando ocorrem muitas ofertas de compra e venda ao mesmo tempo.<\/p>\n<p>&nbsp;<\/p>\n<p>No exterior, o an\u00fancio de que a China ir\u00e1 tarifar cerca de US$ 75 bilh\u00f5es em produtos dos Estados Unidos tamb\u00e9m estressou os mercados. Ao todo, 5.078 bens origin\u00e1rios dos EUA ser\u00e3o taxados adicionalmente, incluindo produtos agr\u00edcolas, petr\u00f3leo e avi\u00f5es de pequeno porte, retomando tamb\u00e9m as tarifas sobre carros e autope\u00e7as norte americanos. Por volta de 13h30, o d\u00f3lar subia 0,64%, cotado a R$ 4,11 para a venda.<\/p>\n","protected":false},"excerpt":{"rendered":"<p>RAFAELA GON\u00c7ALVES &nbsp; Em meio \u00e0 mais um cap\u00edtulo da guerra comercial entre China e Estados Unidos, crise ambiental com o Brasil no olho do furac\u00e3o e \u00e0 mais uma fase da Lava Jato Banco BTG Pactual,\u00a0 O \u00edndice Bovespa (IBovespa), principal indicador da Bolsa de Valores de S\u00e3o Paulo (B3), voltou a ficar abaixo [&hellip;]<\/p>\n","protected":false},"author":22,"featured_media":0,"comment_status":"open","ping_status":"closed","sticky":false,"template":"","format":"standard","meta":{"footnotes":""},"categories":[600],"tags":[52,2740,2393,80,343,3053],"class_list":["post-11651","post","type-post","status-publish","format-standard","hentry","category-economia","tag-andre-esteves","tag-b3","tag-bolsa","tag-btg","tag-dolar","tag-ibovespa"],"_links":{"self":[{"href":"https:\/\/blogs.correiobraziliense.com.br\/vicente\/wp-json\/wp\/v2\/posts\/11651","targetHints":{"allow":["GET"]}}],"collection":[{"href":"https:\/\/blogs.correiobraziliense.com.br\/vicente\/wp-json\/wp\/v2\/posts"}],"about":[{"href":"https:\/\/blogs.correiobraziliense.com.br\/vicente\/wp-json\/wp\/v2\/types\/post"}],"author":[{"embeddable":true,"href":"https:\/\/blogs.correiobraziliense.com.br\/vicente\/wp-json\/wp\/v2\/users\/22"}],"replies":[{"embeddable":true,"href":"https:\/\/blogs.correiobraziliense.com.br\/vicente\/wp-json\/wp\/v2\/comments?post=11651"}],"version-history":[{"count":1,"href":"https:\/\/blogs.correiobraziliense.com.br\/vicente\/wp-json\/wp\/v2\/posts\/11651\/revisions"}],"predecessor-version":[{"id":11652,"href":"https:\/\/blogs.correiobraziliense.com.br\/vicente\/wp-json\/wp\/v2\/posts\/11651\/revisions\/11652"}],"wp:attachment":[{"href":"https:\/\/blogs.correiobraziliense.com.br\/vicente\/wp-json\/wp\/v2\/media?parent=11651"}],"wp:term":[{"taxonomy":"category","embeddable":true,"href":"https:\/\/blogs.correiobraziliense.com.br\/vicente\/wp-json\/wp\/v2\/categories?post=11651"},{"taxonomy":"post_tag","embeddable":true,"href":"https:\/\/blogs.correiobraziliense.com.br\/vicente\/wp-json\/wp\/v2\/tags?post=11651"}],"curies":[{"name":"wp","href":"https:\/\/api.w.org\/{rel}","templated":true}]}}