{"id":11637,"date":"2019-08-22T12:42:20","date_gmt":"2019-08-22T15:42:20","guid":{"rendered":"https:\/\/blogs.correiobraziliense.com.br\/vicente\/?p=11637"},"modified":"2019-08-22T12:42:20","modified_gmt":"2019-08-22T15:42:20","slug":"ibovespa-cai-puxado-por-petrobras-que-abre-o-dia-em-queda","status":"publish","type":"post","link":"https:\/\/blogs.correiobraziliense.com.br\/vicente\/ibovespa-cai-puxado-por-petrobras-que-abre-o-dia-em-queda\/","title":{"rendered":"Ibovespa cai puxado por Petrobras, que abre o dia em queda"},"content":{"rendered":"<div class=\"adL\">\n<p>THA\u00cdS MOURA<\/p>\n<p>&nbsp;<\/p>\n<p>Um dia ap\u00f3s o governo anunciar a inten\u00e7\u00e3o de privatizar\u00a0v\u00e1rias estatais, incluindo a Petrobras, uma das j\u00f3ias da coroa, as a\u00e7\u00f5es da petrol\u00edfera come\u00e7aram a manh\u00e3 em queda, puxando o \u00cdndice da Bolsa de Valores de S\u00e3o Paulo (B3) para baixo nesta quinta-feira (22\/08). O Ibovespa, principal indicador da bolsa, perdeu for\u00e7a e, por volta das 12h30, escorregava 0,66%.<\/p>\n<p>&nbsp;<\/p>\n<p>As a\u00e7\u00f5es da Petrobras, uma das mais negociadas na B3, subiram fortemente ontem em meio \u00e0s not\u00edcias da privatiza\u00e7\u00e3o. As preferenciais (PNs, sem direito a voto) fecharam com alta de 5,95%, e as a\u00e7\u00f5es ordin\u00e1rias (ONs, com direito a voto) subiram 5,32%. Por\u00e9m, at\u00e9 meio-dia de hoje, as mesmas a\u00e7\u00f5es voltaram a cair, respectivamente, 1,02% e 1,08%. Ainda n\u00e3o h\u00e1 uma certeza se a privatiza\u00e7\u00e3o da companhia vai acontecer.\u00a0 Contudo, h\u00e1 uma expectativa de analistas que os pap\u00e9is da estatal podem dobrar de valor se a empresa for mesmo vendida.<\/p>\n<p>&nbsp;<\/p>\n<p>Na contram\u00e3o, os as a\u00e7\u00f5es da Eletrobras continuaram subindo. A estatal de energia tem a sua capitaliza\u00e7\u00e3o prevista desde o governo Michel Temer e foi inclu\u00edda na lista do pacote de futuras privatiza\u00e7\u00f5es do governo Jair Bolsonaro, ontem, registraram ganhos de mais de 12% nas a\u00e7\u00f5es ordin\u00e1rias, e de 11,8% nas preferenciais. Hoje, as a\u00e7\u00f5es da empresa come\u00e7aram o dia com alta de 1,87% (nas a\u00e7\u00f5es preferenciais) e 1,60% (nas ordin\u00e1rias).<\/p>\n<p>&nbsp;<\/p>\n<p>Ontem, o ministro da Casa Civil, Onyx Lorenzoni, confirmou que o governo deve realizar estudos objetivos para analisar a possibilidade de privatiza\u00e7\u00e3o da Petrobras. A ideia conta com apoio do ministro da Economia, Paulo Guedes, e do presidente da estatal, Roberto Castello Branco. Por\u00e9m, a iniciativa encontra resist\u00eancia no Minist\u00e9rio de Minas e Energia, ao qual a petroleira est\u00e1 associada, j\u00e1 que o minist\u00e9rio \u00e9 contra a ideia de se desfazer completamente da empresa.<\/p>\n<p>&nbsp;<\/p>\n<p>Sobre a privatiza\u00e7\u00e3o da petroleira, o ministro-chefe da Casa Civil, Onyx Lorenzoni, disse ontem que o governo est\u00e1 \u201cindo passo a passo\u201d. \u201cA holding \u00e9 gigantesca. O ministro de Minas e Energia (Bento Albuquerque) vem conduzindo um processo adequado, com estudos de profundidade mais seguros\u201d, afirmou. \u201cN\u00f3s tamb\u00e9m temos de lembrar que a Petrobras \u00e9 muito importante no contexto mundial. Sofreu um saque inomin\u00e1vel em interesses escusos e vem sofrendo processo de recupera\u00e7\u00e3o e reorganiza\u00e7\u00e3o. Ainda temos muito a fazer antes de poder trazer todas as \u00e1reas de atua\u00e7\u00e3o para dentro do processo.\u201d<\/p>\n<p>&nbsp;<\/p>\n<p>Entre as 16 estatais que ser\u00e3o privatizadas, conforme o an\u00fancio do governo, est\u00e3o empresas como Correios, Telebras e Serpro. Das 16, oito j\u00e1 estavam na lista, como a Casa da Moeda, Lotex, Trensurb e Eletrobras, cuja privatiza\u00e7\u00e3o ainda precisa ser aprovada pelo Congresso. A \u00fanica aus\u00eancia da lista prevista foi a Empresa Brasil de Comunica\u00e7\u00e3o (EBC). Confira a lista completa:<\/p>\n<p>&nbsp;<\/p>\n<p>\u00bb Ag\u00eancia Brasileira Gestora de Fundos Garantidores e Garantias (ABGF);<br \/>\n\u00bb Empresa Gestora de Ativos (Emgea);<br \/>\n\u00bb Servi\u00e7o Federal de Processamento de Dados (Serpro);<br \/>\n\u00bb Empresa de Tecnologia e Informa\u00e7\u00f5es da Previd\u00eancia Social (Dataprev);<br \/>\n\u00bb Companhia de Entrepostos e Armaz\u00e9ns Gerais de S\u00e3o Paulo (Ceagesp);<br \/>\n\u00bb Centro de Excel\u00eancia em Tecnologia Eletr\u00f4nica Avan\u00e7ada (Ceitec);<br \/>\n\u00bb Companhia Docas do Estado de S\u00e3o Paulo (Codesp);<br \/>\n\u00bb Telecomunica\u00e7\u00f5es Brasileiras S\/A (Telebr\u00e1s);<br \/>\n\u00bb Empresa Brasileira de Correios e Tel\u00e9grafos;<br \/>\n\u00bb Loteria Instant\u00e2nea Exclusiva (Lotex);<br \/>\n\u00bb Eletrobras;<br \/>\n\u00bb Casa da Moeda;<br \/>\n\u00bb Centrais de Abastecimento de Minas Gerais (Ceasaminas);<br \/>\n\u00bb Companhia Brasileira de Trens Urbanos (CBTU);<br \/>\n\u00bb Empresa de Trens Urbanos de Porto Alegre S.A. (Trensurb);<br \/>\n\u00bb Companhia Docas do Esp\u00edrito Santo (Codesa).<\/p>\n<\/div>\n","protected":false},"excerpt":{"rendered":"<p>THA\u00cdS MOURA &nbsp; Um dia ap\u00f3s o governo anunciar a inten\u00e7\u00e3o de privatizar\u00a0v\u00e1rias estatais, incluindo a Petrobras, uma das j\u00f3ias da coroa, as a\u00e7\u00f5es da petrol\u00edfera come\u00e7aram a manh\u00e3 em queda, puxando o \u00cdndice da Bolsa de Valores de S\u00e3o Paulo (B3) para baixo nesta quinta-feira (22\/08). O Ibovespa, principal indicador da bolsa, perdeu for\u00e7a [&hellip;]<\/p>\n","protected":false},"author":22,"featured_media":0,"comment_status":"open","ping_status":"closed","sticky":false,"template":"","format":"standard","meta":{"footnotes":""},"categories":[600],"tags":[2740,2393,1534,177,3053,228,540],"class_list":["post-11637","post","type-post","status-publish","format-standard","hentry","category-economia","tag-b3","tag-bolsa","tag-eletrobras","tag-estatais","tag-ibovespa","tag-petrobras","tag-privatizacao"],"_links":{"self":[{"href":"https:\/\/blogs.correiobraziliense.com.br\/vicente\/wp-json\/wp\/v2\/posts\/11637","targetHints":{"allow":["GET"]}}],"collection":[{"href":"https:\/\/blogs.correiobraziliense.com.br\/vicente\/wp-json\/wp\/v2\/posts"}],"about":[{"href":"https:\/\/blogs.correiobraziliense.com.br\/vicente\/wp-json\/wp\/v2\/types\/post"}],"author":[{"embeddable":true,"href":"https:\/\/blogs.correiobraziliense.com.br\/vicente\/wp-json\/wp\/v2\/users\/22"}],"replies":[{"embeddable":true,"href":"https:\/\/blogs.correiobraziliense.com.br\/vicente\/wp-json\/wp\/v2\/comments?post=11637"}],"version-history":[{"count":1,"href":"https:\/\/blogs.correiobraziliense.com.br\/vicente\/wp-json\/wp\/v2\/posts\/11637\/revisions"}],"predecessor-version":[{"id":11640,"href":"https:\/\/blogs.correiobraziliense.com.br\/vicente\/wp-json\/wp\/v2\/posts\/11637\/revisions\/11640"}],"wp:attachment":[{"href":"https:\/\/blogs.correiobraziliense.com.br\/vicente\/wp-json\/wp\/v2\/media?parent=11637"}],"wp:term":[{"taxonomy":"category","embeddable":true,"href":"https:\/\/blogs.correiobraziliense.com.br\/vicente\/wp-json\/wp\/v2\/categories?post=11637"},{"taxonomy":"post_tag","embeddable":true,"href":"https:\/\/blogs.correiobraziliense.com.br\/vicente\/wp-json\/wp\/v2\/tags?post=11637"}],"curies":[{"name":"wp","href":"https:\/\/api.w.org\/{rel}","templated":true}]}}