{"id":11630,"date":"2019-08-22T10:21:48","date_gmt":"2019-08-22T13:21:48","guid":{"rendered":"https:\/\/blogs.correiobraziliense.com.br\/vicente\/?p=11630"},"modified":"2019-08-22T11:44:50","modified_gmt":"2019-08-22T14:44:50","slug":"ipca-15-de-agosto-sobe-008-menor-taxa-para-o-mes-desde-2010","status":"publish","type":"post","link":"https:\/\/blogs.correiobraziliense.com.br\/vicente\/ipca-15-de-agosto-sobe-008-menor-taxa-para-o-mes-desde-2010\/","title":{"rendered":"IPCA-15 de agosto sobe 0,08%, menor taxa para o m\u00eas desde 2010"},"content":{"rendered":"<h2>ROSANA HESSEL<\/h2>\n<h2>O \u00cdndice Nacional de Pre\u00e7os ao Consumidor Amplo 15 (IPCA-15) de agosto ficou abaixo das previs\u00f5es do mercado, dando sinais de que a infla\u00e7\u00e3o oficial est\u00e1 comportada devido \u00e0 fraca atividade econ\u00f4mica. \u00c9 a menor varia\u00e7\u00e3o para o m\u00eas em nove anos.\u00a0 Com isso, analistas devem continuar reduzindo suas proje\u00e7\u00f5es para o indicador oficial do custo de vida, abrindo espa\u00e7o para novos cortes na Selic (taxa b\u00e1sica da economia), atualmente, em 6% anuais, o menor patamar da hist\u00f3ria.<\/h2>\n<h2><\/h2>\n<p>A pr\u00e9via do IPCA registrou alta de 0,08% em agosto, ficando pr\u00f3ximo \u00e0 taxa de 0,09% registrada em julho, conforme dados divulgados nesta quinta-feira (22\/08) pelo Instituto Brasileiro de Geografia e Estat\u00edstica (IBGE) . Esse \u00e9 o menor \u00edndice para um m\u00eas de agosto desde 2010 (-0,05%), de acordo com o instituto. A expectativa do mercado era de alta de 0,16% para o indicador.<\/p>\n<p>&nbsp;<\/p>\n<p>&#8220;O IPCA-15 veio abaixo das estimativas e sugere que a Selic deve continuar em queda. A surpresa se d\u00e1 pela defla\u00e7\u00e3o do grupo alimenta\u00e7\u00e3o mais uma vez.\u00a0Revisamos de 3,9% para 3,6% o IPCA\u00a0 3,9% na esteira do choque benigno de alimentos&#8221;, destacou o economista-chefe da Necton Investimentos, Andr\u00e9 Perfeito.<\/p>\n<p>&nbsp;<\/p>\n<p>Dos nove grupos de produtos e servi\u00e7os pesquisados pelo IBGE, quatro apresentaram defla\u00e7\u00e3o de julho para agosto. Transportes teve retra\u00e7\u00e3o de 0,78% nessa base de compara\u00e7\u00e3o e colaborou negativamente para o custo de vida, com um peso de 0,14 ponto percentual no IPCA. Em junho, o indicador desse grupo havia recuado 0,44%. Alimenta\u00e7\u00e3o e bebidas tamb\u00e9m registraram defla\u00e7\u00e3o e . A queda foi de 0,17%.\u00a0 A taxa de infla\u00e7\u00e3o para Sa\u00fade e Cuidados pessoais caiu 0,32%. &#8220;No lado das altas, o destaque ficou com habita\u00e7\u00e3o, que apresentou a maior varia\u00e7\u00e3o (1,42%) e o maior impacto (0,23 ponto percentual ) no IPCA-15 de agosto&#8221;, destacou o IBGE.<\/p>\n<p>&nbsp;<\/p>\n<p>No acumulado em 12 meses encerrado na primeira quinzena deste m\u00eas passado, o IPCA-15 subiu 3,22%, abaixo da alta de 3,27% registrada no mesmo per\u00edodo do ano passado. No ano, a infla\u00e7\u00e3o avan\u00e7ou 2,51%.\u00a0 Entre as onze capitais pesquisadas pelo IBGE para a pesquisa do IPCA-15, Fortaleza registrou a infla\u00e7\u00e3o mais alta, de 4,09% no acumulado em 12 meses. Bras\u00edlia, com alta de\u00a02,82% ficou na 7\u00aa coloca\u00e7\u00e3o. Curitiba teve a menor taxa, de 2,69%, na mesma base de compara\u00e7\u00e3o.<\/p>\n<p>&nbsp;<\/p>\n<p>A mediana da pesquisa de mercado do boletim Focus, do Banco Central para a varia\u00e7\u00e3o do IPCA deste ano est\u00e1 em 3,71%. Esse dado vem sendo reduzido h\u00e1 duas semanas seguidas. Na passada, estava em 3,76%.<\/p>\n<p>&nbsp;<\/p>\n<p>&nbsp;<\/p>\n","protected":false},"excerpt":{"rendered":"<p>ROSANA HESSEL O \u00cdndice Nacional de Pre\u00e7os ao Consumidor Amplo 15 (IPCA-15) de agosto ficou abaixo das previs\u00f5es do mercado, dando sinais de que a infla\u00e7\u00e3o oficial est\u00e1 comportada devido \u00e0 fraca atividade econ\u00f4mica. \u00c9 a menor varia\u00e7\u00e3o para o m\u00eas em nove anos.\u00a0 Com isso, analistas devem continuar reduzindo suas proje\u00e7\u00f5es para o indicador [&hellip;]<\/p>\n","protected":false},"author":22,"featured_media":0,"comment_status":"open","ping_status":"closed","sticky":false,"template":"","format":"standard","meta":{"footnotes":""},"categories":[600],"tags":[391,14,1916],"class_list":["post-11630","post","type-post","status-publish","format-standard","hentry","category-economia","tag-ibge","tag-inflacao","tag-ipca-15"],"_links":{"self":[{"href":"https:\/\/blogs.correiobraziliense.com.br\/vicente\/wp-json\/wp\/v2\/posts\/11630","targetHints":{"allow":["GET"]}}],"collection":[{"href":"https:\/\/blogs.correiobraziliense.com.br\/vicente\/wp-json\/wp\/v2\/posts"}],"about":[{"href":"https:\/\/blogs.correiobraziliense.com.br\/vicente\/wp-json\/wp\/v2\/types\/post"}],"author":[{"embeddable":true,"href":"https:\/\/blogs.correiobraziliense.com.br\/vicente\/wp-json\/wp\/v2\/users\/22"}],"replies":[{"embeddable":true,"href":"https:\/\/blogs.correiobraziliense.com.br\/vicente\/wp-json\/wp\/v2\/comments?post=11630"}],"version-history":[{"count":3,"href":"https:\/\/blogs.correiobraziliense.com.br\/vicente\/wp-json\/wp\/v2\/posts\/11630\/revisions"}],"predecessor-version":[{"id":11633,"href":"https:\/\/blogs.correiobraziliense.com.br\/vicente\/wp-json\/wp\/v2\/posts\/11630\/revisions\/11633"}],"wp:attachment":[{"href":"https:\/\/blogs.correiobraziliense.com.br\/vicente\/wp-json\/wp\/v2\/media?parent=11630"}],"wp:term":[{"taxonomy":"category","embeddable":true,"href":"https:\/\/blogs.correiobraziliense.com.br\/vicente\/wp-json\/wp\/v2\/categories?post=11630"},{"taxonomy":"post_tag","embeddable":true,"href":"https:\/\/blogs.correiobraziliense.com.br\/vicente\/wp-json\/wp\/v2\/tags?post=11630"}],"curies":[{"name":"wp","href":"https:\/\/api.w.org\/{rel}","templated":true}]}}