{"id":11621,"date":"2019-08-19T19:12:02","date_gmt":"2019-08-19T22:12:02","guid":{"rendered":"https:\/\/blogs.correiobraziliense.com.br\/vicente\/?p=11621"},"modified":"2019-08-19T19:12:02","modified_gmt":"2019-08-19T22:12:02","slug":"sem-proficiencia-no-ingles-ex-presidente-da-apex-brasil-e-admitido-em-mba-da-harvard","status":"publish","type":"post","link":"https:\/\/blogs.correiobraziliense.com.br\/vicente\/sem-proficiencia-no-ingles-ex-presidente-da-apex-brasil-e-admitido-em-mba-da-harvard\/","title":{"rendered":"Sem profici\u00eancia no ingl\u00eas, ex-presidente da Apex-Brasil \u00e9 admitido em MBA da Harvard"},"content":{"rendered":"<p>RODOLFO COSTA<\/p>\n<p>Uma situa\u00e7\u00e3o pitoresca virou fofoca entre diplomatas e na Ag\u00eancia Brasileira de Promo\u00e7\u00e3o de Exporta\u00e7\u00f5es e Investimentos (Apex-Brasil). Ex-presidente da empresa ligada ao Itamaraty na gest\u00e3o Bolsonaro,\u00a0Alecxandro Carreiro, publicou nas redes sociais, com orgulho, sua aceita\u00e7\u00e3o ao curso <em>Creating Public Value, <\/em>em portugu\u00eas<em>, Criando Valor P\u00fablico,\u00a0<\/em>da conceituada Harvard Kennedy School. Com um &#8220;print&#8221;, ele prova a confirma\u00e7\u00e3o por parte do Comit\u00ea de Admiss\u00e3o de Educa\u00e7\u00e3o Executiva da institui\u00e7\u00f5es de ensino norte-americana. O problema \u00e9 que, afirmam fontes ao Blog, ele n\u00e3o fala fluentemente a l\u00edngua inglesa.<\/p>\n<p>&nbsp;<\/p>\n<p>O curso \u00e9 uma esp\u00e9cie de MBA, uma p\u00f3s-gradua\u00e7\u00e3o ministrada pela Harvard. Pessoas que conhecem Carreiro e n\u00e3o t\u00eam l\u00e1 muita simpatia por ele questionam a admiss\u00e3o. &#8220;Alex n\u00e3o consegue falar nem bom dia em ingl\u00eas. Como ele conseguiu ser aprovado num MBA em Harvard? Muito estranho&#8221;, questionou uma fonte ao <strong>Blog<\/strong>. Uma outra fonte confirma. &#8220;Ele n\u00e3o fala ingl\u00eas mesmo n\u00e3o&#8221;, afirmou. &#8220;Mas esses cursos de curta dura\u00e7\u00e3o da Harvard n\u00e3o exigem profici\u00eancia no idioma. Esses cursos curtos s\u00e3o &#8216;ca\u00e7a n\u00edqueis&#8217;. N\u00e3o exigem flu\u00eancia no ingl\u00eas. Se voc\u00ea for ao curso e &#8216;boiar&#8217;, o problema \u00e9 seu&#8221;, acrescentou.<\/p>\n<p>&nbsp;<\/p>\n<p>O <strong>Blog<\/strong> procurou Carreiro, mas ainda n\u00e3o obteve um posicionamento. O ex-presidente da Apex-Brasil foi a primeira demiss\u00e3o feita no atual governo e a primeira pol\u00eamica. Demitido ainda na primeira quinzena de janeiro pelo ministro das Rela\u00e7\u00f5es Exteriores, Ernesto Ara\u00fajo, ele se recusou a deixar o cargo e seguiu, nos primeiros dias ap\u00f3s a demiss\u00e3o, despachando normalmente na ag\u00eancia. Sustentou que somente o presidente Jair Bolsonaro teria prerrogativa para demiti-lo.<\/p>\n<p>&nbsp;<\/p>\n<p>A admiss\u00e3o foi assinada por Bolsonaro e chancelada por Ernesto. No entanto, o chanceler ficou irritado ao tomar conhecimento das mudan\u00e7as na ag\u00eancia, sem que tenha sido consultado. Carreiro demitiu 17 funcion\u00e1rios e contratou mais de 20. Chegou ao ponto de substituir respons\u00e1veis por v\u00e1rias ger\u00eancias estrat\u00e9gicas, como as de investimentos, finan\u00e7as, jur\u00eddicas e auditorias, por pessoas de fora da empresa ligada ao Itamaraty.<\/p>\n<p>&nbsp;<\/p>\n<p>&nbsp;<\/p>\n","protected":false},"excerpt":{"rendered":"<p>RODOLFO COSTA Uma situa\u00e7\u00e3o pitoresca virou fofoca entre diplomatas e na Ag\u00eancia Brasileira de Promo\u00e7\u00e3o de Exporta\u00e7\u00f5es e Investimentos (Apex-Brasil). Ex-presidente da empresa ligada ao Itamaraty na gest\u00e3o Bolsonaro,\u00a0Alecxandro Carreiro, publicou nas redes sociais, com orgulho, sua aceita\u00e7\u00e3o ao curso Creating Public Value, em portugu\u00eas, Criando Valor P\u00fablico,\u00a0da conceituada Harvard Kennedy School. Com um &#8220;print&#8221;, [&hellip;]<\/p>\n","protected":false},"author":22,"featured_media":11622,"comment_status":"open","ping_status":"closed","sticky":false,"template":"","format":"standard","meta":{"footnotes":""},"categories":[600],"tags":[3650,3648,2554,4085,4086,4087],"class_list":["post-11621","post","type-post","status-publish","format-standard","has-post-thumbnail","hentry","category-economia","tag-alex-carreiro","tag-apex","tag-bolsonaro","tag-carreiro","tag-ex-presidente","tag-harvard"],"_links":{"self":[{"href":"https:\/\/blogs.correiobraziliense.com.br\/vicente\/wp-json\/wp\/v2\/posts\/11621","targetHints":{"allow":["GET"]}}],"collection":[{"href":"https:\/\/blogs.correiobraziliense.com.br\/vicente\/wp-json\/wp\/v2\/posts"}],"about":[{"href":"https:\/\/blogs.correiobraziliense.com.br\/vicente\/wp-json\/wp\/v2\/types\/post"}],"author":[{"embeddable":true,"href":"https:\/\/blogs.correiobraziliense.com.br\/vicente\/wp-json\/wp\/v2\/users\/22"}],"replies":[{"embeddable":true,"href":"https:\/\/blogs.correiobraziliense.com.br\/vicente\/wp-json\/wp\/v2\/comments?post=11621"}],"version-history":[{"count":1,"href":"https:\/\/blogs.correiobraziliense.com.br\/vicente\/wp-json\/wp\/v2\/posts\/11621\/revisions"}],"predecessor-version":[{"id":11623,"href":"https:\/\/blogs.correiobraziliense.com.br\/vicente\/wp-json\/wp\/v2\/posts\/11621\/revisions\/11623"}],"wp:featuredmedia":[{"embeddable":true,"href":"https:\/\/blogs.correiobraziliense.com.br\/vicente\/wp-json\/wp\/v2\/media\/11622"}],"wp:attachment":[{"href":"https:\/\/blogs.correiobraziliense.com.br\/vicente\/wp-json\/wp\/v2\/media?parent=11621"}],"wp:term":[{"taxonomy":"category","embeddable":true,"href":"https:\/\/blogs.correiobraziliense.com.br\/vicente\/wp-json\/wp\/v2\/categories?post=11621"},{"taxonomy":"post_tag","embeddable":true,"href":"https:\/\/blogs.correiobraziliense.com.br\/vicente\/wp-json\/wp\/v2\/tags?post=11621"}],"curies":[{"name":"wp","href":"https:\/\/api.w.org\/{rel}","templated":true}]}}